{"id":177193,"date":"2025-12-05T22:50:15","date_gmt":"2025-12-05T22:50:15","guid":{"rendered":"https:\/\/www.europesays.com\/pt\/177193\/"},"modified":"2025-12-05T22:50:15","modified_gmt":"2025-12-05T22:50:15","slug":"carlos-moedas-entrega-carris-a-ex-vereador-eleito-pela-cdu-rui-pedro-lopo","status":"publish","type":"post","link":"https:\/\/www.europesays.com\/pt\/177193\/","title":{"rendered":"Carlos Moedas entrega Carris a ex-vereador eleito pela CDU, Rui Pedro Lopo"},"content":{"rendered":"<p>Carlos Moedas escolheu Rui Pedro Lopo para presidente da Carris. O atual administrador na Transportes Metropolitanos de Lisboa dever\u00e1 assumir o cargo em janeiro, mas, antes disso, esta escolha ter\u00e1 de ser votada em reuni\u00e3o da C\u00e2mara Municipal, no dia 10 de dezembro. <strong>Pelo que o DN p\u00f4de saber, dever\u00e1 haver aprova\u00e7\u00e3o do nome.<\/strong><\/p>\n<p>A TML \u00e9 a entidade respons\u00e1vel pela gest\u00e3o e planeamento dos transportes p\u00fablicos na \u00e1rea metropolitana de Lisboa, o que inclui a gest\u00e3o da plataforma de bilh\u00e9tica integrada (como o passe Navegante Metropolitano) e a opera\u00e7\u00e3o dos servi\u00e7os de autocarro sob a marca Carris Metropolitana. \u00c9  detida a 100% pela \u00c1rea Metropolitana de Lisboa.<\/p>\n<p><strong>O autarca lisboeta considerou ao final da noite de quinta-feira que Rui Pedro Lopo \u00e9 uma \u201cop\u00e7\u00e3o clara\u201d, por ser um gestor com \u201cprovas dadas\u201d no setor da mobilidade e que \u201cmelhor defende o futuro da empresa e os desafios que a Carris tem pela frente\u201d.<\/strong><\/p>\n<p><strong>Pelo que o DN p\u00f4de saber, Moedas coloca a gest\u00e3o e experi\u00eancia acima de poss\u00edveis liga\u00e7\u00f5es pol\u00edticas no caso das empresas municipais. Lopo foi, durante 11 anos, vereador no Barreiro, eleito pela CDU<\/strong>. <strong>Ao que o DN apurou, n\u00e3o houve afastamento de Lopo dos partidos que integram a Coliga\u00e7\u00e3o Democr\u00e1tica Unit\u00e1ria.<\/strong> Foi vogal do Conselho de Administra\u00e7\u00e3o durante oito anos dos Transportes Coletivos do Barreiro e em 11 anos de verea\u00e7\u00e3o passou oito na Mobilidade e Transportes.<\/p>\n<p><strong>Ao DN, Jo\u00e3o Ferreira, vereador do PCP, garante que n\u00e3o existiu consulta. &#8220;N\u00e3o h\u00e1 nenhum envolvimento do PCP nem do vereador do PCP nesta escolha, nem contacto pr\u00e9vio&#8221;, reitera.<\/strong> &#8220;Se h\u00e1 acordos para distribuir lugares \u00e9 com os partidos envolvidos. Nao h\u00e1 nenhum acordo connosco. Nenhuma conversa&#8221;, diz Jo\u00e3o Ferreira, que avan\u00e7a que &#8220;n\u00e3o h\u00e1 princ\u00edpio de bloqueio&#8221; aos nomes, vincando que &#8220;a aprecia\u00e7\u00e3o se faz caso a caso.&#8221; Fonte do PCP ao DN ressalvou que Lopo &#8220;foi eleito pela CDU, mas nn\u00e3o \u00e9 militante do PCP&#8221; e que &#8220;a aceita\u00e7\u00e3o do cargo \u00e9 da responsabilidade do pr\u00f3prio e essa decis\u00e3o do presidente da C\u00e2mara de Lisboa n\u00e3o tem o aval nem o acordo do PCP.&#8221;<\/p>\n<p>Gon\u00e7alo Reis, recorde-se, \u00e9 tamb\u00e9m novidade no Executivo da C\u00e2mara. O vereador para a Mobilidade tem a chancela da Carris e \u00e9 vice-presidente. A Carris, que \u00e9 a empresa municipal com mais verbas or\u00e7amentadas (entre funcionamento e investimento direto), ter\u00e1 35 milh\u00f5es de euros para adquirir 98 novos autocarros. Ao todo, a maior autarquia do pa\u00eds destinar\u00e1 250,3 milh\u00f5es de euros \u00e0 empresa de transportes.<\/p>\n<p><strong>Para outras nomea\u00e7\u00f5es municipais pode ver-se casos semelhantes, ou seja, estarem personalidades com filia\u00e7\u00e3o pol\u00edtica fora do PSD-CDS-IL em cargos de gest\u00e3o.<\/strong><\/p>\n<p>No final de outubro, depois do relat\u00f3rio que apontava falhas graves no acidente com o Elevador da Gl\u00f3ria, que provocou 16 v\u00edtimas mortais, foi avan\u00e7ado que Pedro Bogas n\u00e3o continuaria como presidente da Carris, apesar de Moedas ter rejeitado a demiss\u00e3o ap\u00f3s o tr\u00e1gico acidente.<\/p>\n","protected":false},"excerpt":{"rendered":"Carlos Moedas escolheu Rui Pedro Lopo para presidente da Carris. O atual administrador na Transportes Metropolitanos de Lisboa&hellip;\n","protected":false},"author":2,"featured_media":177194,"comment_status":"","ping_status":"","sticky":false,"template":"","format":"standard","meta":{"footnotes":""},"categories":[10],"tags":[11974,27,28,3766,17138,4861,15,16,14,15995,25,26,21,22,12,13,19,20,32,23,24,33,36664,17,18,36663,29,30,31],"class_list":{"0":"post-177193","1":"post","2":"type-post","3":"status-publish","4":"format-standard","5":"has-post-thumbnail","7":"category-portugal","8":"tag-barreiro","9":"tag-breaking-news","10":"tag-breakingnews","11":"tag-carlos-moedas","12":"tag-carris","13":"tag-cdu","14":"tag-featured-news","15":"tag-featurednews","16":"tag-headlines","17":"tag-joao-ferreira","18":"tag-latest-news","19":"tag-latestnews","20":"tag-main-news","21":"tag-mainnews","22":"tag-news","23":"tag-noticias","24":"tag-noticias-principais","25":"tag-noticiasprincipais","26":"tag-portugal","27":"tag-principais-noticias","28":"tag-principaisnoticias","29":"tag-pt","30":"tag-rui-pedro-lopo","31":"tag-top-stories","32":"tag-topstories","33":"tag-transportes-metropolitanos-de-lisboa","34":"tag-ultimas","35":"tag-ultimas-noticias","36":"tag-ultimasnoticias"},"share_on_mastodon":{"url":"https:\/\/pubeurope.com\/@pt\/115669409852898929","error":""},"_links":{"self":[{"href":"https:\/\/www.europesays.com\/pt\/wp-json\/wp\/v2\/posts\/177193","targetHints":{"allow":["GET"]}}],"collection":[{"href":"https:\/\/www.europesays.com\/pt\/wp-json\/wp\/v2\/posts"}],"about":[{"href":"https:\/\/www.europesays.com\/pt\/wp-json\/wp\/v2\/types\/post"}],"author":[{"embeddable":true,"href":"https:\/\/www.europesays.com\/pt\/wp-json\/wp\/v2\/users\/2"}],"replies":[{"embeddable":true,"href":"https:\/\/www.europesays.com\/pt\/wp-json\/wp\/v2\/comments?post=177193"}],"version-history":[{"count":0,"href":"https:\/\/www.europesays.com\/pt\/wp-json\/wp\/v2\/posts\/177193\/revisions"}],"wp:featuredmedia":[{"embeddable":true,"href":"https:\/\/www.europesays.com\/pt\/wp-json\/wp\/v2\/media\/177194"}],"wp:attachment":[{"href":"https:\/\/www.europesays.com\/pt\/wp-json\/wp\/v2\/media?parent=177193"}],"wp:term":[{"taxonomy":"category","embeddable":true,"href":"https:\/\/www.europesays.com\/pt\/wp-json\/wp\/v2\/categories?post=177193"},{"taxonomy":"post_tag","embeddable":true,"href":"https:\/\/www.europesays.com\/pt\/wp-json\/wp\/v2\/tags?post=177193"}],"curies":[{"name":"wp","href":"https:\/\/api.w.org\/{rel}","templated":true}]}}