{"id":177195,"date":"2025-12-05T22:51:16","date_gmt":"2025-12-05T22:51:16","guid":{"rendered":"https:\/\/www.europesays.com\/pt\/177195\/"},"modified":"2025-12-05T22:51:16","modified_gmt":"2025-12-05T22:51:16","slug":"morreu-o-historico-arquiteto-frank-gehry","status":"publish","type":"post","link":"https:\/\/www.europesays.com\/pt\/177195\/","title":{"rendered":"Morreu o hist\u00f3rico arquiteto Frank Gehry"},"content":{"rendered":"<p data-remotead-prev-elm=\"true\" data-remotead-elm-id=\"inread\">Gehry nasceu em 1929, em Toronto, mas tornou-se um cidad\u00e3o dos EUA em 1947, depois de se mudar com os pais para Los Angeles.<\/p>\n<p>Formou-se em arquitetura na Calif\u00f3rnia e come\u00e7ou a trabalhar no est\u00fadio de Victor Gruen, tendo estudado ainda na Universidade de Harvard antes de se mudar, com a mulher e as filhas, em 1961, para Paris.<\/p>\n<p><img decoding=\"async\" class=\"ngx-body\" guid=\"7dc9df17-172a-4903-b180-15247005a192\" src=\"https:\/\/www.europesays.com\/pt\/wp-content\/uploads\/2025\/12\/1764975076_84_image.webp\" width=\"100%\"\/><br \/>Museu Guggenheim, em Bilbau (Foto: Getty Images)<\/p>\n<p data-remotead-prev-elm=\"true\" data-remotead-elm-id=\"centro1\">Em 1962, regressou a Los Angeles onde estabeleceu o seu pr\u00f3prio est\u00fadio que nas \u00faltimas seis d\u00e9cadas tem realizado projetos na Am\u00e9rica, Europa e \u00c1sia. Entre as suas obras mais conhecidas contam-se o Museu Guggenheim de Bilbau (1997), o edif\u00edcio Nationale &#8211; Nederlanden, conhecido como a Casa da Dan\u00e7a, em Praga (1996), o Museu Aeroespacial da Calif\u00f3rnia (1984), o Vitra Design Museum, em Weil am Rhein, Alemanha (1989) ou o Museu de Arte Frederick Weisman, em Minneapolis (1993).<\/p>\n<p>Destacam-se ainda a Torre de Gehry, em Hannover (2001), o Instituto Stata Cambridge Center of Technology (2003), o Walt Disney Concert Hall (2003) e o Centro de Dundee, na Esc\u00f3cia, Maggie (2003).<\/p>\n","protected":false},"excerpt":{"rendered":"Gehry nasceu em 1929, em Toronto, mas tornou-se um cidad\u00e3o dos EUA em 1947, depois de se mudar&hellip;\n","protected":false},"author":2,"featured_media":177196,"comment_status":"","ping_status":"","sticky":false,"template":"","format":"standard","meta":{"footnotes":""},"categories":[8],"tags":[304,1753,27,28,15,16,36655,14,25,26,21,22,12,13,19,20,32,23,24,33,17,18,29,30,31],"class_list":{"0":"post-177195","1":"post","2":"type-post","3":"status-publish","4":"format-standard","5":"has-post-thumbnail","7":"category-principais-noticias","8":"tag-arquitetura","9":"tag-artes","10":"tag-breaking-news","11":"tag-breakingnews","12":"tag-featured-news","13":"tag-featurednews","14":"tag-frank-gehry","15":"tag-headlines","16":"tag-latest-news","17":"tag-latestnews","18":"tag-main-news","19":"tag-mainnews","20":"tag-news","21":"tag-noticias","22":"tag-noticias-principais","23":"tag-noticiasprincipais","24":"tag-portugal","25":"tag-principais-noticias","26":"tag-principaisnoticias","27":"tag-pt","28":"tag-top-stories","29":"tag-topstories","30":"tag-ultimas","31":"tag-ultimas-noticias","32":"tag-ultimasnoticias"},"share_on_mastodon":{"url":"https:\/\/pubeurope.com\/@pt\/115669414327997213","error":""},"_links":{"self":[{"href":"https:\/\/www.europesays.com\/pt\/wp-json\/wp\/v2\/posts\/177195","targetHints":{"allow":["GET"]}}],"collection":[{"href":"https:\/\/www.europesays.com\/pt\/wp-json\/wp\/v2\/posts"}],"about":[{"href":"https:\/\/www.europesays.com\/pt\/wp-json\/wp\/v2\/types\/post"}],"author":[{"embeddable":true,"href":"https:\/\/www.europesays.com\/pt\/wp-json\/wp\/v2\/users\/2"}],"replies":[{"embeddable":true,"href":"https:\/\/www.europesays.com\/pt\/wp-json\/wp\/v2\/comments?post=177195"}],"version-history":[{"count":0,"href":"https:\/\/www.europesays.com\/pt\/wp-json\/wp\/v2\/posts\/177195\/revisions"}],"wp:featuredmedia":[{"embeddable":true,"href":"https:\/\/www.europesays.com\/pt\/wp-json\/wp\/v2\/media\/177196"}],"wp:attachment":[{"href":"https:\/\/www.europesays.com\/pt\/wp-json\/wp\/v2\/media?parent=177195"}],"wp:term":[{"taxonomy":"category","embeddable":true,"href":"https:\/\/www.europesays.com\/pt\/wp-json\/wp\/v2\/categories?post=177195"},{"taxonomy":"post_tag","embeddable":true,"href":"https:\/\/www.europesays.com\/pt\/wp-json\/wp\/v2\/tags?post=177195"}],"curies":[{"name":"wp","href":"https:\/\/api.w.org\/{rel}","templated":true}]}}