{"id":177197,"date":"2025-12-05T22:52:15","date_gmt":"2025-12-05T22:52:15","guid":{"rendered":"https:\/\/www.europesays.com\/pt\/177197\/"},"modified":"2025-12-05T22:52:15","modified_gmt":"2025-12-05T22:52:15","slug":"miley-cyrus-surpreende-ao-revelar-fobia-que-tem-atrapalhado-sua-rotina-vontade-de-vomitar-assista","status":"publish","type":"post","link":"https:\/\/www.europesays.com\/pt\/177197\/","title":{"rendered":"Miley Cyrus surpreende ao revelar fobia que tem atrapalhado sua rotina: &#8220;Vontade de vomitar&#8221;; assista"},"content":{"rendered":"<p>                                Ler resumo <\/p>\n<p>Miley Cyrus revelou ao \u201cJimmy Kimmel Live!\u201d que tem fobia de papel e embalagens, o que atrapalha sua rotina di\u00e1ria. A cantora explicou que o medo come\u00e7ou com papel de presente e chega a evitar cartas, preferindo mensagens digitais. Ela disse que busca ajuda profissional para lidar com o problema.<\/p>\n<p><a href=\"https:\/\/hugogloss.uol.com.br\/tag\/miley-cyrus\/\" rel=\"nofollow noopener\" target=\"_blank\">Miley Cyrus<\/a> surpreendeu ao revelar que tem uma \u201cs\u00e9ria fobia\u201d de papel e algumas embalagens. A cantora comentou sobre o problema durante sua participa\u00e7\u00e3o no \u201c<a href=\"https:\/\/hugogloss.uol.com.br\/tag\/jimmy-kimmel-live\/\" rel=\"nofollow noopener\" target=\"_blank\">Jimmy Kimmel Live<\/a>!\u201d, nesta quinta-feira (4), e admitiu que \u201cprecisa de ajuda\u201d.<\/p>\n<p>A artista explicou que o medo come\u00e7ou com o papel de presente, algo que ela descreveu como seu \u201cproblema com o Natal\u201d. Mas vai al\u00e9m: at\u00e9 o cart\u00e3o de anota\u00e7\u00f5es na mesa de Jimmy Kimmel provocava nela \u201cvontade de vomitar\u201d.\u00a0<\/p>\n<p>Em outro momento, Cyrus disse sentir agonia quando pessoas com m\u00e3os secas tocam em papel. Ela contou que chega a descartar cartas lindas sem abrir por n\u00e3o suportar papelaria, e que prefere ser contatada por mensagem, e-mail ou liga\u00e7\u00e3o.<\/p>\n<p> <img loading=\"lazy\" decoding=\"async\" class=\"size-medium wp-image-1200524 img-fluid lazy\" alt=\"\" width=\"617\" height=\"376\" src=\"https:\/\/www.europesays.com\/pt\/wp-content\/uploads\/2025\/12\/Miley-Cyrus-617x376.webp.webp\"  \/>Miley Cyrus durante o \u201cJimmy Kimmel Live!\u201d. (Foto: Reprodu\u00e7\u00e3o\/ ABC) <\/p>\n<p>Embora os pap\u00e9is de embrulho sejam tranquilos e os tablets tenham resolvido muitos problemas de leitura para a cantora, ela reclamou dos pacotes da Amazon. Segundo Miley, o papel\u00e3o \u00e9 \u201cainda mais seco e possui v\u00e1rias camadas de embalagem\u201d. Ela brincou que ficou noiva de Maxx Morando porque o boy abre todas as entregas do lado de fora da casa.<\/p>\n<p> Continua depois da Publicidade <\/p>\n<p>Quando Kimmel perguntou se ela conseguiria assinar a certid\u00e3o de casamento, Miley relembrou sua cerim\u00f4nia com o ex-marido Liam Hemsworth, em 2018. \u201cAcho que lembro que o papel era encerado, mas eu tinha fumado um daqueles baseados imagin\u00e1rios. N\u00e3o consigo lembrar direito. N\u00e3o tenho certeza\u201d, revelou, aos risos.<\/p>\n<p>Cyrus contou que est\u00e1 tentando lidar com o problema e que realmente precisa de ajuda: \u201cPrecisa haver algum tipo de interven\u00e7\u00e3o, e eu vou procurar. Talvez EMDR [ou] hipnose, porque isso est\u00e1 afetando meu dia a dia\u201d.\u00a0<\/p>\n<p> <img loading=\"lazy\" decoding=\"async\" class=\"size-medium wp-image-1157824 img-fluid lazy\" alt=\"\" width=\"617\" height=\"347\" src=\"https:\/\/www.europesays.com\/pt\/wp-content\/uploads\/2025\/12\/Reproducao-2-617x347.png\"  \/>A cantora disse que tem agonia de papel. (Foto: Getty) <\/p>\n<p>Miley j\u00e1 havia recorrido \u00e0 terapia de Dessensibiliza\u00e7\u00e3o e Reprocessamento por Movimento Ocular (EMDR) para lidar com o medo de palco. \u201c\u00c9 muito estranho, porque \u00e9 como assistir a um filme na sua mente, mas diferente de sonhar. Voc\u00ea est\u00e1 meio que mais consciente de si mesma, mas ainda em outro estado de consci\u00eancia, dif\u00edcil de descrever a menos que j\u00e1 tenha passado por esse estado hipn\u00f3tico\u201d, explicou \u00e0 \u00e9poca ao New York Times.<\/p>\n<p><strong>Assista \u00e0 entrevista completa:<\/strong><\/p>\n<p>                                                                     <a id=\"google-news\" class=\"google-news\" href=\"https:\/\/news.google.com\/publications\/CAAqBwgKMM6ViAswv82GAw?ceid=BR:pt-419&amp;amp;oc=3&amp;amp;hl=pt-BR&amp;amp;gl=BR\" target=\"_blank\" rel=\"nofollow noopener\"><\/p>\n<p>                                            Siga a <strong> Hugo Gloss no Google News<\/strong> e acompanhe nossos destaques<\/p>\n<p>                                    <\/a><\/p>\n","protected":false},"excerpt":{"rendered":"Ler resumo Miley Cyrus revelou ao \u201cJimmy Kimmel Live!\u201d que tem fobia de papel e embalagens, o que&hellip;\n","protected":false},"author":2,"featured_media":177198,"comment_status":"","ping_status":"","sticky":false,"template":"","format":"standard","meta":{"footnotes":""},"categories":[145],"tags":[211,210,114,115,1724,1280,32,33],"class_list":{"0":"post-177197","1":"post","2":"type-post","3":"status-publish","4":"format-standard","5":"has-post-thumbnail","7":"category-celebridades","8":"tag-celebridades","9":"tag-celebrities","10":"tag-entertainment","11":"tag-entretenimento","12":"tag-jimmy-kimmel-live","13":"tag-miley-cyrus","14":"tag-portugal","15":"tag-pt"},"share_on_mastodon":{"url":"https:\/\/pubeurope.com\/@pt\/115669418156874170","error":""},"_links":{"self":[{"href":"https:\/\/www.europesays.com\/pt\/wp-json\/wp\/v2\/posts\/177197","targetHints":{"allow":["GET"]}}],"collection":[{"href":"https:\/\/www.europesays.com\/pt\/wp-json\/wp\/v2\/posts"}],"about":[{"href":"https:\/\/www.europesays.com\/pt\/wp-json\/wp\/v2\/types\/post"}],"author":[{"embeddable":true,"href":"https:\/\/www.europesays.com\/pt\/wp-json\/wp\/v2\/users\/2"}],"replies":[{"embeddable":true,"href":"https:\/\/www.europesays.com\/pt\/wp-json\/wp\/v2\/comments?post=177197"}],"version-history":[{"count":0,"href":"https:\/\/www.europesays.com\/pt\/wp-json\/wp\/v2\/posts\/177197\/revisions"}],"wp:featuredmedia":[{"embeddable":true,"href":"https:\/\/www.europesays.com\/pt\/wp-json\/wp\/v2\/media\/177198"}],"wp:attachment":[{"href":"https:\/\/www.europesays.com\/pt\/wp-json\/wp\/v2\/media?parent=177197"}],"wp:term":[{"taxonomy":"category","embeddable":true,"href":"https:\/\/www.europesays.com\/pt\/wp-json\/wp\/v2\/categories?post=177197"},{"taxonomy":"post_tag","embeddable":true,"href":"https:\/\/www.europesays.com\/pt\/wp-json\/wp\/v2\/tags?post=177197"}],"curies":[{"name":"wp","href":"https:\/\/api.w.org\/{rel}","templated":true}]}}