{"id":177208,"date":"2025-12-05T23:07:19","date_gmt":"2025-12-05T23:07:19","guid":{"rendered":"https:\/\/www.europesays.com\/pt\/177208\/"},"modified":"2025-12-05T23:07:19","modified_gmt":"2025-12-05T23:07:19","slug":"morreu-frank-gehry-nome-maior-da-arquitetura-e-pai-do-guggenheim-de-bilbau","status":"publish","type":"post","link":"https:\/\/www.europesays.com\/pt\/177208\/","title":{"rendered":"Morreu Frank Gehry, nome maior da arquitetura e pai do Guggenheim de Bilbau"},"content":{"rendered":"<p>Frank Gehry, um dos talentos mais influentes da arquitetura americana, morreu na sexta-feira na sua casa em Los Angeles, ap\u00f3s uma breve doen\u00e7a respirat\u00f3ria, confirmou seu chefe de gabinete ao New York Times. Tinha 96 anos.<\/p>\n<p>Frank Gehry, o arquiteto americano mais reconhecido desde Frank Lloyd Wright, foi um dos primeiros a abra\u00e7ar o potencial do design assistido por computador e pioneiro num estilo muito exuberante particular. A sua obra mais famosa continua a ser o Museu Guggenheim de Bilbau, Espanha, uma composi\u00e7\u00e3o revestida de tit\u00e2nio \u00e0s margens do rio Nervi\u00f3n, que recebeu aclama\u00e7\u00e3o internacional ap\u00f3s a sua inaugura\u00e7\u00e3o em 1997, anunciando uma nova era de arquitetura emotiva.<\/p>\n<p>\t\t<img decoding=\"async\" src=\"https:\/\/www.europesays.com\/pt\/wp-content\/uploads\/2025\/12\/1764976039_948_thumbs.web.sapo.io\"  alt=\"Guggenheim Bilbao\" loading=\"true\"\/><\/p>\n<p>O projeto deu nome a um fen\u00f3meno \u2013 o efeito Bilbao \u2013 no qual cidades antigas em decad\u00eancia tentaram impulsionar a sua revitaliza\u00e7\u00e3o com arquitetura espetacular.<\/p>\n<p>Outras obras famosas incluem o Walt Disney Concert Hall em Los Angeles, conclu\u00eddo em 2003, o New World Center em Miami, uma sala de concertos finalizada em 2011, e a Funda\u00e7\u00e3o Louis Vuitton, um museu em Paris, conclu\u00eddo em 2014.<\/p>\n<p>__<\/p>\n<p><b>A sua newsletter de sempre, agora ainda mais \u00fatil<\/b><\/p>\n<p>Com o lan\u00e7amento da nova marca de informa\u00e7\u00e3o\u00a0<b>24not\u00edcias<\/b>, estamos a mudar a plataforma de newsletters, aproveitando para refor\u00e7ar a informa\u00e7\u00e3o que os leitores mais valorizam:\u00a0<b>a que lhes \u00e9 \u00fatil, ajuda a tomar decis\u00f5es e a entender o mundo.<\/b><\/p>\n<p><b>Assine a nova newsletter do 24not\u00edcias\u00a0<\/b><a href=\"https:\/\/sapo.us1.list-manage.com\/subscribe?u=8f49263740b14ab5854be8045&amp;id=57a39c5e8f\" rel=\"nofollow noopener\" target=\"_blank\"><b>aqui<\/b><\/a><b>.<\/b><\/p>\n","protected":false},"excerpt":{"rendered":"Frank Gehry, um dos talentos mais influentes da arquitetura americana, morreu na sexta-feira na sua casa em Los&hellip;\n","protected":false},"author":2,"featured_media":177209,"comment_status":"","ping_status":"","sticky":false,"template":"","format":"standard","meta":{"footnotes":""},"categories":[8],"tags":[27,28,15,16,14,25,26,21,22,12,13,19,20,32,23,24,33,17,18,29,30,31],"class_list":{"0":"post-177208","1":"post","2":"type-post","3":"status-publish","4":"format-standard","5":"has-post-thumbnail","7":"category-principais-noticias","8":"tag-breaking-news","9":"tag-breakingnews","10":"tag-featured-news","11":"tag-featurednews","12":"tag-headlines","13":"tag-latest-news","14":"tag-latestnews","15":"tag-main-news","16":"tag-mainnews","17":"tag-news","18":"tag-noticias","19":"tag-noticias-principais","20":"tag-noticiasprincipais","21":"tag-portugal","22":"tag-principais-noticias","23":"tag-principaisnoticias","24":"tag-pt","25":"tag-top-stories","26":"tag-topstories","27":"tag-ultimas","28":"tag-ultimas-noticias","29":"tag-ultimasnoticias"},"share_on_mastodon":{"url":"https:\/\/pubeurope.com\/@pt\/115669476839073299","error":""},"_links":{"self":[{"href":"https:\/\/www.europesays.com\/pt\/wp-json\/wp\/v2\/posts\/177208","targetHints":{"allow":["GET"]}}],"collection":[{"href":"https:\/\/www.europesays.com\/pt\/wp-json\/wp\/v2\/posts"}],"about":[{"href":"https:\/\/www.europesays.com\/pt\/wp-json\/wp\/v2\/types\/post"}],"author":[{"embeddable":true,"href":"https:\/\/www.europesays.com\/pt\/wp-json\/wp\/v2\/users\/2"}],"replies":[{"embeddable":true,"href":"https:\/\/www.europesays.com\/pt\/wp-json\/wp\/v2\/comments?post=177208"}],"version-history":[{"count":0,"href":"https:\/\/www.europesays.com\/pt\/wp-json\/wp\/v2\/posts\/177208\/revisions"}],"wp:featuredmedia":[{"embeddable":true,"href":"https:\/\/www.europesays.com\/pt\/wp-json\/wp\/v2\/media\/177209"}],"wp:attachment":[{"href":"https:\/\/www.europesays.com\/pt\/wp-json\/wp\/v2\/media?parent=177208"}],"wp:term":[{"taxonomy":"category","embeddable":true,"href":"https:\/\/www.europesays.com\/pt\/wp-json\/wp\/v2\/categories?post=177208"},{"taxonomy":"post_tag","embeddable":true,"href":"https:\/\/www.europesays.com\/pt\/wp-json\/wp\/v2\/tags?post=177208"}],"curies":[{"name":"wp","href":"https:\/\/api.w.org\/{rel}","templated":true}]}}