{"id":177214,"date":"2025-12-05T23:11:09","date_gmt":"2025-12-05T23:11:09","guid":{"rendered":"https:\/\/www.europesays.com\/pt\/177214\/"},"modified":"2025-12-05T23:11:09","modified_gmt":"2025-12-05T23:11:09","slug":"sandrina-pratas-faz-apelo-tocante-estou-desesperada-por-favor-secret-story","status":"publish","type":"post","link":"https:\/\/www.europesays.com\/pt\/177214\/","title":{"rendered":"Sandrina Pratas faz apelo tocante: \u00abEstou desesperada (\u2026) por favor\u00bb &#8211; Secret Story"},"content":{"rendered":"<p data-end=\"427\" data-start=\"217\">Sandrina, ex-concorrente do Big Brother 2020, recorreu ao Instagram para pedir ajuda depois de o seu c\u00e3o ter desaparecido. No apelo, Sandrina mostrou-se desesperada com a situa\u00e7\u00e3o e publicou um texto dirigido aos seguidores.<\/p>\n<p data-end=\"766\" data-start=\"429\">Na legenda, escreveu:<br data-end=\"453\" data-start=\"450\"\/> <strong data-end=\"766\" data-start=\"453\">\u201c\ud83d\udc3e C\u00c3O PERDIDO \u2014 AJUDA POR FAVOR! \ud83d\udc3e<\/strong><\/p>\n<p><strong data-end=\"766\" data-start=\"453\">O meu c\u00e3o desapareceu e estou desesperada para o encontrar. Ele \u00e9 muito meigo, assusta-se facilmente e nunca ficou longe de casa.<\/strong><\/p>\n<p><strong data-end=\"766\" data-start=\"453\">Se algu\u00e9m o viu ou o encontrou, por favor entre em contacto comigo o mais r\u00e1pido poss\u00edvel.<\/strong><\/p>\n<p><strong data-end=\"766\" data-start=\"453\">Ele perdeu-se na minha casa ao p\u00e9 da feira.\u201d<\/strong><\/p>\n<p data-end=\"1017\" data-is-last-node=\"\" data-is-only-node=\"\" data-start=\"768\">A publica\u00e7\u00e3o rapidamente chamou a aten\u00e7\u00e3o dos seguidores, que come\u00e7aram a partilhar o apelo na esperan\u00e7a de ajudar Sandrina a reencontrar o animal. A ex-concorrente mant\u00e9m o pedido de que qualquer informa\u00e7\u00e3o seja comunicada o mais depressa poss\u00edvel.<\/p>\n<blockquote class=\"instagram-media\" data-instgrm-captioned=\"\" data-instgrm-permalink=\"https:\/\/www.instagram.com\/p\/DR242HrjWDb\/?utm_source=ig_embed&amp;utm_campaign=loading\" data-instgrm-version=\"14\" style=\" background:#FFF; border:0; border-radius:3px; box-shadow:0 0 1px 0 rgba(0,0,0,0.5),0 1px 10px 0 rgba(0,0,0,0.15); margin: 1px; max-width:540px; min-width:326px; padding:0; width:99.375%; width:-webkit-calc(100% - 2px); width:calc(100% - 2px);\">\n<\/blockquote>\n<p>                        <script async src=\"\/\/www.instagram.com\/embed.js\"><\/script><\/p>\n","protected":false},"excerpt":{"rendered":"Sandrina, ex-concorrente do Big Brother 2020, recorreu ao Instagram para pedir ajuda depois de o seu c\u00e3o ter&hellip;\n","protected":false},"author":2,"featured_media":177215,"comment_status":"","ping_status":"","sticky":false,"template":"","format":"standard","meta":{"footnotes":""},"categories":[142],"tags":[8113,2632,329,333,328,335,336,114,115,334,330,1326,338,19019,13,32,33,2161,1315,8174,151,162,19020,227],"class_list":{"0":"post-177214","1":"post","2":"type-post","3":"status-publish","4":"format-standard","5":"has-post-thumbnail","7":"category-tv","8":"tag-alice-alves","9":"tag-casa-dos-segredos","10":"tag-claudio-ramos","11":"tag-comentadores","12":"tag-concorrentes","13":"tag-confrontos","14":"tag-discussoes","15":"tag-entertainment","16":"tag-entretenimento","17":"tag-exclusivos","18":"tag-gala","19":"tag-mafalda-castro","20":"tag-maria-botelho-moniz","21":"tag-marta-cardoso","22":"tag-noticias","23":"tag-portugal","24":"tag-pt","25":"tag-sandrina-pratas","26":"tag-secret-story","27":"tag-segredos","28":"tag-tv","29":"tag-tvi","30":"tag-video-do-dia","31":"tag-videos"},"share_on_mastodon":{"url":"https:\/\/pubeurope.com\/@pt\/115669492409893024","error":""},"_links":{"self":[{"href":"https:\/\/www.europesays.com\/pt\/wp-json\/wp\/v2\/posts\/177214","targetHints":{"allow":["GET"]}}],"collection":[{"href":"https:\/\/www.europesays.com\/pt\/wp-json\/wp\/v2\/posts"}],"about":[{"href":"https:\/\/www.europesays.com\/pt\/wp-json\/wp\/v2\/types\/post"}],"author":[{"embeddable":true,"href":"https:\/\/www.europesays.com\/pt\/wp-json\/wp\/v2\/users\/2"}],"replies":[{"embeddable":true,"href":"https:\/\/www.europesays.com\/pt\/wp-json\/wp\/v2\/comments?post=177214"}],"version-history":[{"count":0,"href":"https:\/\/www.europesays.com\/pt\/wp-json\/wp\/v2\/posts\/177214\/revisions"}],"wp:featuredmedia":[{"embeddable":true,"href":"https:\/\/www.europesays.com\/pt\/wp-json\/wp\/v2\/media\/177215"}],"wp:attachment":[{"href":"https:\/\/www.europesays.com\/pt\/wp-json\/wp\/v2\/media?parent=177214"}],"wp:term":[{"taxonomy":"category","embeddable":true,"href":"https:\/\/www.europesays.com\/pt\/wp-json\/wp\/v2\/categories?post=177214"},{"taxonomy":"post_tag","embeddable":true,"href":"https:\/\/www.europesays.com\/pt\/wp-json\/wp\/v2\/tags?post=177214"}],"curies":[{"name":"wp","href":"https:\/\/api.w.org\/{rel}","templated":true}]}}