{"id":177244,"date":"2025-12-05T23:50:45","date_gmt":"2025-12-05T23:50:45","guid":{"rendered":"https:\/\/www.europesays.com\/pt\/177244\/"},"modified":"2025-12-05T23:50:45","modified_gmt":"2025-12-05T23:50:45","slug":"viagens-na-europa-que-regras-mudaram-em-2025-e-o-que-esperar-para-2026","status":"publish","type":"post","link":"https:\/\/www.europesays.com\/pt\/177244\/","title":{"rendered":"Viagens na Europa: que regras mudaram em 2025 e o que esperar para 2026?"},"content":{"rendered":"<p>Tem sido um ano de grandes mudan\u00e7as nas viagens na Europa, com o apertar dos controlos, das fronteiras ao turismo de massas.<\/p>\n<p>Para preservar a tranquilidade entre residentes e visitantes, destinos introduziram novas regras e regulamentos que afetam os preparativos de viagem, a conduta e os pre\u00e7os. Para quem entra na UE, h\u00e1 agora controlos extra, \u00e0 medida que o bloco digitaliza as fronteiras. <\/p>\n<p>Eis um resumo das principais tend\u00eancias e mudan\u00e7as nas regras de viagem na Europa em 2025.<\/p>\n<p>Europa aperta controlos fronteiri\u00e7os em 2025<br \/>\nSistema de Entrada\/Sa\u00edda da UE (EES) arrancou finalmente<\/p>\n<p>A UE lan\u00e7ou a 12 de outubro o novo <a href=\"https:\/\/pt.euronews.com\/my-europe\/2025\/10\/12\/comecou-a-implementacao-do-sistema-digital-de-fronteiras-na-uniao-europeia\" rel=\"nofollow noopener\" target=\"_blank\"><strong>Sistema de Entrada\/Sa\u00edda (EES)<\/strong><\/a>. A implementa\u00e7\u00e3o faseada dever\u00e1 ficar conclu\u00edda at\u00e9 10 de abril de 2026.<\/p>\n<p>Em vez do carimbo no passaporte, viajantes de pa\u00edses terceiros que cruzem fronteiras externas do espa\u00e7o Schengen ter\u00e3o de fornecer, \u00e0 entrada e de forma eletr\u00f3nica, dados biom\u00e9tricos, incluindo dados do passaporte, impress\u00f5es digitais e uma imagem facial.<\/p>\n<p>O sistema abranger\u00e1 todos os pa\u00edses da UE, exceto Irlanda e Chipre, bem como Isl\u00e2ndia, Noruega, Su\u00ed\u00e7a e Liechtenstein. <\/p>\n<p>O objetivo \u00e9 identificar quem excede o per\u00edodo de visto e combater a migra\u00e7\u00e3o ilegal, verificando a identidade dos viajantes, refor\u00e7ando os controlos de seguran\u00e7a e mantendo um registo das entradas nas bases de dados da UE.<\/p>\n<p>Problemas de arranque provocaram v\u00e1rios atrasos ao longo de 2025. Continuam a afetar o processo, com o lan\u00e7amento previsto para novembro no <strong>Porto de Dover<\/strong>, j\u00e1 adiado para passageiros de autom\u00f3vel at\u00e9 2026, para evitar o caos das viagens de Natal.<\/p>\n<p>Enquanto os pa\u00edses ultrapassam este in\u00edcio atribulado, os viajantes devem contar com atrasos \u00e0 entrada em alguns pa\u00edses Schengen, embora, a longo prazo, o novo sistema prometa tornar mais \u00e1geis os controlos fronteiri\u00e7os da UE.<\/p>\n<p>ETIAS adiado para 2026<\/p>\n<p>O ETIAS, o Sistema Europeu de Informa\u00e7\u00e3o e Autoriza\u00e7\u00e3o de Viagem, deveria arrancar ap\u00f3s o EES em 2025, mas foi agora adiado para o final de 2026.<\/p>\n<p>Obrigar\u00e1 turistas isentos de visto de determinados pa\u00edses a obter uma autoriza\u00e7\u00e3o online antes de entrarem no <strong>Espa\u00e7o Schengen<\/strong>, com um custo de 20 euros para a maioria dos viajantes.<\/p>\n<p>A autoriza\u00e7\u00e3o eletr\u00f3nica permitir\u00e1 estadias at\u00e9 90 dias em cada per\u00edodo de 180 dias. O ETIAS \u00e9 v\u00e1lido por tr\u00eas anos.<\/p>\n<p>Reino Unido imp\u00f5e Autoriza\u00e7\u00e3o Eletr\u00f3nica de Viagem (ETA) em 2026<\/p>\n<p>A <strong>Autoriza\u00e7\u00e3o Eletr\u00f3nica de Viagem<\/strong> (ETA) do Reino Unido foi lan\u00e7ada em fase piloto em outubro de 2023, mas ainda n\u00e3o est\u00e1 a ser aplicada estritamente. <\/p>\n<p>Isto mudar\u00e1 a partir de fevereiro de 2026, quando turistas de 85 pa\u00edses, atualmente isentos de visto, ter\u00e3o de solicitar uma <strong>autoriza\u00e7\u00e3o digital<\/strong> para estadias curtas no Reino Unido.<\/p>\n<p>A candidatura custa atualmente 16 libras (18,20 euros) e \u00e9 v\u00e1lida por dois anos, para estadias at\u00e9 seis meses.<\/p>\n<p>Custos de viagem sobem em toda a Europa em 2025<\/p>\n<p>Em 2025, os viajantes n\u00e3o foram pressionados apenas por taxas de autoriza\u00e7\u00f5es e pela infla\u00e7\u00e3o: <strong>taxas tur\u00edsticas<\/strong>, <strong>apertos ao Airbnb<\/strong> e outras medidas para travar o turismo de massas tornaram explorar a Europa mais caro.<\/p>\n<p>Foram anunciadas restri\u00e7\u00f5es ao <strong>alojamento<\/strong> de curta dura\u00e7\u00e3o em <strong>Paris<\/strong>, <strong>Barcelona<\/strong> e noutros locais, sobretudo para combater a infla\u00e7\u00e3o das rendas para os residentes nas cidades e vilas mais tur\u00edsticas.<\/p>\n<p>Isto reduziu a oferta de alojamento barato ao estilo <strong>Airbnb<\/strong>.<\/p>\n<p>A pressionar ainda mais os pre\u00e7os est\u00e3o as taxas tur\u00edsticas por noite introduzidas em pa\u00edses como <strong>Isl\u00e2ndia<\/strong>, <strong>Espanha<\/strong>, <strong>Noruega<\/strong> e <strong>Reino Unido<\/strong>, e at\u00e9 a continuidade da taxa para visitantes de um dia em <strong>Veneza<\/strong>, It\u00e1lia. Estas medidas visam financiar a infraestrutura tur\u00edstica e evitar que destinos populares sejam sobrecarregados por visitantes.<\/p>\n<p>Tudo isto acompanha uma mudan\u00e7a para o chamado <strong>turismo de qualidade<\/strong> na Europa, com muitos pa\u00edses a procurarem afastar-se do turismo de massas e de or\u00e7amento reduzido, procurando antes atrair menos visitantes, mais <strong>sustent\u00e1vel<\/strong> e com maior capacidade de gasto.<\/p>\n<p>Alguns destinos est\u00e3o a repercutir nos visitantes os custos operacionais inflacionados. Os praticantes de desportos de neve foram especialmente atingidos, com passes de esqui na Su\u00ed\u00e7a, \u00c1ustria e It\u00e1lia a saltarem at\u00e9 40 por cento face a 2021 em algumas est\u00e2ncias, devido \u00e0 subida das faturas de energia e das taxas de manuten\u00e7\u00e3o.<\/p>\n<p>Europa aperta o cerco a turistas mal comportados<\/p>\n<p>Medidas que encarecem as viagens servem para reduzir aflu\u00eancia e aumentar receitas, mas h\u00e1 tamb\u00e9m regras novas pensadas especificamente para travar <strong>comportamento dos turistas<\/strong> indesejado.<\/p>\n<p><strong>San Sebasti\u00e1n<\/strong> \u00e9 a mais recente cidade espanhola a banir o <strong>fumar<\/strong> nas praias, enquanto <strong>Albufeira<\/strong>, no Algarve, anunciou este ano multas para turistas com pouca roupa.<\/p>\n<p>Entretanto, a recente proibi\u00e7\u00e3o de barcos de festa no porto espanhol de <strong>Palma<\/strong> visa libertar infraestrutura e responder a queixas de ru\u00eddo dos residentes.<\/p>\n<p>Em Fran\u00e7a, o apertar dos controlos come\u00e7a antes de os turistas aterrarem. Desde o m\u00eas passado, <strong>passageiros a\u00e9reos<\/strong> que incumpram regras ou causem perturba\u00e7\u00f5es em <strong>voos<\/strong> podem enfrentar multas at\u00e9 20 000 euros e at\u00e9 proibi\u00e7\u00f5es de embarque por quatro anos. <\/p>\n<p>Direitos dos passageiros: o que muda<\/p>\n<p>Circulam rumores sobre um aperto \u00e0s pr\u00e1ticas de cobran\u00e7a das companhias a\u00e9reas de baixo custo. Os europeus foram seduzidos pela ideia de <a href=\"https:\/\/pt.euronews.com\/viagens\/2025\/05\/22\/taxas-de-bagagem-de-mao-das-companhias-aereas-low-cost-violam-legislacao-comunitaria-afirm\" rel=\"nofollow noopener\" target=\"_blank\"><strong>malas de cabine<\/strong><\/a> sem taxas e de melhores compensa\u00e7\u00f5es para atrasos de voo cada vez mais frequentes.<\/p>\n<p>Mas a forte press\u00e3o da ind\u00fastria da avia\u00e7\u00e3o est\u00e1 a p\u00f4r as mudan\u00e7as em risco. Uma <strong>lei da UE<\/strong> para melhorar os direitos dos passageiros a\u00e9reos est\u00e1 em discuss\u00e3o h\u00e1 11 anos, mas as companhias dizem que as altera\u00e7\u00f5es ir\u00e3o inevitavelmente traduzir-se em aumentos nos pre\u00e7os dos bilhetes.<\/p>\n<p>Alguns Estados-membros chegaram a defender a redu\u00e7\u00e3o dos direitos, propondo elevar de tr\u00eas para quatro horas o <strong>limiar de compensa\u00e7\u00e3o<\/strong>.<\/p>\n<p>Sem consenso este ano, as conversa\u00e7\u00f5es de media\u00e7\u00e3o dever\u00e3o prolongar-se at\u00e9 ao in\u00edcio de 2026.<\/p>\n<p>A decis\u00e3o recente da companhia a\u00e9rea de baixo custo <strong>Ryanair<\/strong> de deixar de aceitar cart\u00f5es de embarque em papel tamb\u00e9m levantou preocupa\u00e7\u00f5es. Um pa\u00eds, <a href=\"https:\/\/pt.euronews.com\/viagens\/2025\/11\/14\/portugal-adverte-que-ryanair-nao-pode-recusar-passageiros-com-cartoes-de-embarque-em-papel\" rel=\"nofollow noopener\" target=\"_blank\"><strong>Portugal<\/strong><\/a>, alertou que as novas medidas da companhia arriscam n\u00e3o cumprir os direitos dos passageiros a\u00e9reos.<\/p>\n<p>A autoridade da avia\u00e7\u00e3o de Portugal advertiu a companhia de que n\u00e3o pode recusar passageiros que embarquem com cart\u00f5es de embarque f\u00edsicos.<\/p>\n","protected":false},"excerpt":{"rendered":"Tem sido um ano de grandes mudan\u00e7as nas viagens na Europa, com o apertar dos controlos, das fronteiras&hellip;\n","protected":false},"author":2,"featured_media":177245,"comment_status":"","ping_status":"","sticky":false,"template":"","format":"standard","meta":{"footnotes":""},"categories":[50],"tags":[324,27,28,445,15,16,14,25,26,21,22,62,12,13,19,20,23,24,17,18,1456,29,30,31,814,63,64,65],"class_list":{"0":"post-177244","1":"post","2":"type-post","3":"status-publish","4":"format-standard","5":"has-post-thumbnail","7":"category-mundo","8":"tag-aviao","9":"tag-breaking-news","10":"tag-breakingnews","11":"tag-europa","12":"tag-featured-news","13":"tag-featurednews","14":"tag-headlines","15":"tag-latest-news","16":"tag-latestnews","17":"tag-main-news","18":"tag-mainnews","19":"tag-mundo","20":"tag-news","21":"tag-noticias","22":"tag-noticias-principais","23":"tag-noticiasprincipais","24":"tag-principais-noticias","25":"tag-principaisnoticias","26":"tag-top-stories","27":"tag-topstories","28":"tag-turismo","29":"tag-ultimas","30":"tag-ultimas-noticias","31":"tag-ultimasnoticias","32":"tag-viagem","33":"tag-world","34":"tag-world-news","35":"tag-worldnews"},"share_on_mastodon":{"url":"https:\/\/pubeurope.com\/@pt\/115669645639775805","error":""},"_links":{"self":[{"href":"https:\/\/www.europesays.com\/pt\/wp-json\/wp\/v2\/posts\/177244","targetHints":{"allow":["GET"]}}],"collection":[{"href":"https:\/\/www.europesays.com\/pt\/wp-json\/wp\/v2\/posts"}],"about":[{"href":"https:\/\/www.europesays.com\/pt\/wp-json\/wp\/v2\/types\/post"}],"author":[{"embeddable":true,"href":"https:\/\/www.europesays.com\/pt\/wp-json\/wp\/v2\/users\/2"}],"replies":[{"embeddable":true,"href":"https:\/\/www.europesays.com\/pt\/wp-json\/wp\/v2\/comments?post=177244"}],"version-history":[{"count":0,"href":"https:\/\/www.europesays.com\/pt\/wp-json\/wp\/v2\/posts\/177244\/revisions"}],"wp:featuredmedia":[{"embeddable":true,"href":"https:\/\/www.europesays.com\/pt\/wp-json\/wp\/v2\/media\/177245"}],"wp:attachment":[{"href":"https:\/\/www.europesays.com\/pt\/wp-json\/wp\/v2\/media?parent=177244"}],"wp:term":[{"taxonomy":"category","embeddable":true,"href":"https:\/\/www.europesays.com\/pt\/wp-json\/wp\/v2\/categories?post=177244"},{"taxonomy":"post_tag","embeddable":true,"href":"https:\/\/www.europesays.com\/pt\/wp-json\/wp\/v2\/tags?post=177244"}],"curies":[{"name":"wp","href":"https:\/\/api.w.org\/{rel}","templated":true}]}}