{"id":177246,"date":"2025-12-05T23:52:09","date_gmt":"2025-12-05T23:52:09","guid":{"rendered":"https:\/\/www.europesays.com\/pt\/177246\/"},"modified":"2025-12-05T23:52:09","modified_gmt":"2025-12-05T23:52:09","slug":"benfica-e-sporting-nao-sairam-do-empate-cronica-de-jogo","status":"publish","type":"post","link":"https:\/\/www.europesays.com\/pt\/177246\/","title":{"rendered":"Benfica e Sporting n\u00e3o sa\u00edram do empate | Cr\u00f3nica de jogo"},"content":{"rendered":"<p>No derby que os dois queriam ganhar, ningu\u00e9m ganhou. Ou melhor, podem ganhar outros. Benfica e Sporting n\u00e3o sa\u00edram do empate (1-1) que abriu a 13.\u00aa jornada e deixaram o caminho aberto para o l\u00edder FC Porto aumentar a vantagem para ambos neste fim-de-semana. O &#8220;le\u00e3o&#8221; entrou melhor e marcou, a &#8220;\u00e1guia&#8221; empatou quando come\u00e7ou a pensar um pouco mais.<\/p>\n<p>Para Mourinho era apenas o segundo derby \u2013 e esse jogo, que deu triunfo por 3-0 para os \u201cencarnados\u201d h\u00e1 mais de 25 anos, foi amplamente <a href=\"https:\/\/www.publico.pt\/2025\/12\/05\/desporto\/noticia\/derby-mourinho-sabiamos-perfeitamente-ia-acontecer-2157015\" rel=\"nofollow noopener\" target=\"_blank\">recordado nos \u00faltimos dias<\/a>. Para Rui Borges, j\u00e1 era o sexto, ele que se estreara nos \u201cle\u00f5es\u201d frente ao Benfica, para al\u00e9m de ter ganhado uma final e ter quase garantido um t\u00edtulo com um empate na Luz. Nesta primeira cimeira entre dois treinadores, n\u00e3o era, nem uma final, nem um jogo de t\u00edtulo. Era um derby de meio de \u00e9poca, como que para lan\u00e7ar as bases da segunda metade. Quem sa\u00edsse por cima, ganhava o ascendente emocional. Se nenhum sa\u00edsse por cima, ganhava o FC Porto.<\/p>\n<p>O Sporting apresentou-se na Luz como se esperava. A almofada aconselhou Rui Borges a apostar em Pedro Gon\u00e7alves em vez de Quenda e em Morita em vez de Sim\u00f5es \u2013 menos juventude e mais experi\u00eancia para um jogo desta natureza, compreendia-se. O Benfica tamb\u00e9m foi a jogo com o que tem funcionado nos \u00faltimos tempos. Mourinho despejou no relvado um cami\u00e3o de m\u00e9dios (cinco) para tentar a press\u00e3o em todo o lado e esperar que algu\u00e9m criasse alguma coisa.<\/p>\n<p>Mas o que o jogo come\u00e7ou por mostrar foi um Sporting absolutamente confort\u00e1vel e um Benfica incrivelmente err\u00e1tico, o que n\u00e3o era inesperado \u2013 tem sido assim nos \u00faltimos tempos. E nada ilustra melhor estes estados de esp\u00edrito do que o que aconteceu logo aos 3\u2019. Press\u00e3o alta dos \u201cle\u00f5es\u201d no \u00faltimo ter\u00e7o, Aursnes perdeu uma bola perto da \u00e1rea para Su\u00e1rez e o colombiano avan\u00e7ou que nem uma seta para a baliza. Fez um remate cruzado e Trubin, em queda, defendeu com a perna direita. O jogo seria sempre assim nos 20 minutos seguintes.<\/p>\n<p>        &#13;<br \/>\n            &#13;<\/p>\n<p>Os \u201cle\u00f5es\u201d n\u00e3o precisaram de muito mais tempo para chegar ao golo. Minuto 12, Trubin tem a bola nos p\u00e9s e, com muitos \u201cinimigos\u201d por perto, desfez-se dela para quem estava \u00e0 sua frente, Enzo Barrenechea. O m\u00e9dio argentino teve tempo para pensar e tomar uma boa decis\u00e3o, mas demorou demasiado e perdeu a bola para Hjulmand. De imediato o dinamarqu\u00eas deixou para Pedro Gon\u00e7alves que, bem colocado, fez o seu habitual passe para a baliza. Trubin lan\u00e7ou-se, encolheu os bra\u00e7os e a bola passou por ele. Golo do Sporting, a dar corpo a uma enorme superioridade \u201cleonina\u201d e a castigar um Benfica que insistia numa press\u00e3o descoordenada e num ataque sem avan\u00e7ados.<\/p>\n<p>Depois do golo, o jogo continuou neste registo. O Sporting sabia como fazer press\u00e3o sem ir \u00e0 \u201cqueima\u201d e, com isso, conseguia recuperar a bola com grande facilidade, aproveitando a sofreguid\u00e3o com que os \u201cencarnados\u201d disputavam os lances. Num desses lances, aos 26\u2019, Maxi Ara\u00fajo ganhou uma bola no meio-campo, foi a correr com ela at\u00e9 \u00e0 \u00e1rea benfiquista sem que ningu\u00e9m lhe tocasse e ainda teve discernimento para o remate \u2013 n\u00e3o saiu longe da baliza.<\/p>\n<p>At\u00e9 ent\u00e3o, o Benfica s\u00f3 tinha feito um remate \u2013 um livre de Sudakov, aos 21\u2019, que passou muito por cima. N\u00e3o tinha pensado sequer em atacar, s\u00f3 tentar ficar com a bola, mas sem nunca a conseguir guardar. Os \u201cencarnados\u201d decidiram mudar de estrat\u00e9gia, tentar pensar um pouco mais os ataques, demorar mais tempo e, de imediato, o jogo mudou. Aos 27\u2019, na primeira vez que jogou em ataque posicional, o Benfica chegou ao golo.<\/p>\n<p>Num momento em que um jogador do Sporting, Morita, abandonou a linha defensiva para ir pressionar o portador da bola, Rios aproveitou o buraco e direccionou a jogada para Dedic. O b\u00f3snio fez o cruzamento rasteiro e Sudakov, quase dentro da baliza, meio embrulhado com Catamo, fez o empate. Foi o momento de lucidez que o Benfica precisava. A partir daqui, repetimos, o jogo mudou. Os \u201cencarnados\u201d continuaram intensos, mas a pressionar com outro prop\u00f3sito. E o Sporting encolheu-se, perdeu fluidez e tremeu muito.<\/p>\n<p>        &#13;<br \/>\n            &#13;<\/p>\n<p>Foi assim que acabou a primeira parte. A segunda parte continuou com ascendente das \u201c\u00e1guias\u201d, sempre mais pressionantes, mas ainda com poucos avan\u00e7ados. O \u201cle\u00e3o\u201d continuou perdido no jogo, a perder bolas a resolver mal a press\u00e3o \u2013 Diomande foi um alvo constante do Benfica e cometeu v\u00e1rios erros. Deixou de existir no ataque e Rui Borges, aos 60\u2019, pensou dar \u00e0 equipa a energia da juventude \u2013 entraram Quenda e Sim\u00f5es, sa\u00edram Pedro Gon\u00e7alves e Morita. Mas os \u201cle\u00f5es\u201d continuaram na mesma.<\/p>\n<p>Com todo o seu dom\u00ednio territorial e ascendente emocional, o Benfica s\u00f3 criou verdadeiramente perigo j\u00e1 com a segunda parte adiantada, primeiro numa bola na \u00e1rea aos 74\u2019 a que Barreiro quase chegou \u2013 Su\u00e1rez cortou para canto. Depois, aos 81\u2019, num remate de Rios que saiu bem perto da baliza \u201cleonina\u201d.<\/p>\n<p>Mourinho investiu um pouco mais no ataque, com as entradas de Prestianni e Ivanovic, mas esse investimento deu preju\u00edzo. Em cima dos 90\u2019, o argentino cometeu uma falta dura sobre Catamo e, ap\u00f3s ver as imagens, o \u00e1rbitro Ant\u00f3nio Nobre mostrou-lhe o vermelho. A jogar com mais um, o Sporting finalmente conseguiu respirar um pouco, mas nem assim conseguiu rematar uma vez que fosse na segunda parte. E ficou o empate para os dois. Quem ganha com isto? Nenhum deles.<\/p>\n","protected":false},"excerpt":{"rendered":"No derby que os dois queriam ganhar, ningu\u00e9m ganhou. Ou melhor, podem ganhar outros. Benfica e Sporting n\u00e3o&hellip;\n","protected":false},"author":2,"featured_media":177247,"comment_status":"","ping_status":"","sticky":false,"template":"","format":"standard","meta":{"footnotes":""},"categories":[8],"tags":[27,28,2610,135,353,15,16,524,280,14,281,25,26,21,22,12,13,19,20,32,23,24,33,3099,34,17,18,29,30,31],"class_list":{"0":"post-177246","1":"post","2":"type-post","3":"status-publish","4":"format-standard","5":"has-post-thumbnail","7":"category-principais-noticias","8":"tag-breaking-news","9":"tag-breakingnews","10":"tag-cronica-de-jogo","11":"tag-desporto","12":"tag-em-destaque","13":"tag-featured-news","14":"tag-featurednews","15":"tag-futebol","16":"tag-futebol-nacional","17":"tag-headlines","18":"tag-i-liga","19":"tag-latest-news","20":"tag-latestnews","21":"tag-main-news","22":"tag-mainnews","23":"tag-news","24":"tag-noticias","25":"tag-noticias-principais","26":"tag-noticiasprincipais","27":"tag-portugal","28":"tag-principais-noticias","29":"tag-principaisnoticias","30":"tag-pt","31":"tag-sl-benfica","32":"tag-sporting","33":"tag-top-stories","34":"tag-topstories","35":"tag-ultimas","36":"tag-ultimas-noticias","37":"tag-ultimasnoticias"},"share_on_mastodon":{"url":"https:\/\/pubeurope.com\/@pt\/115669653705070197","error":""},"_links":{"self":[{"href":"https:\/\/www.europesays.com\/pt\/wp-json\/wp\/v2\/posts\/177246","targetHints":{"allow":["GET"]}}],"collection":[{"href":"https:\/\/www.europesays.com\/pt\/wp-json\/wp\/v2\/posts"}],"about":[{"href":"https:\/\/www.europesays.com\/pt\/wp-json\/wp\/v2\/types\/post"}],"author":[{"embeddable":true,"href":"https:\/\/www.europesays.com\/pt\/wp-json\/wp\/v2\/users\/2"}],"replies":[{"embeddable":true,"href":"https:\/\/www.europesays.com\/pt\/wp-json\/wp\/v2\/comments?post=177246"}],"version-history":[{"count":0,"href":"https:\/\/www.europesays.com\/pt\/wp-json\/wp\/v2\/posts\/177246\/revisions"}],"wp:featuredmedia":[{"embeddable":true,"href":"https:\/\/www.europesays.com\/pt\/wp-json\/wp\/v2\/media\/177247"}],"wp:attachment":[{"href":"https:\/\/www.europesays.com\/pt\/wp-json\/wp\/v2\/media?parent=177246"}],"wp:term":[{"taxonomy":"category","embeddable":true,"href":"https:\/\/www.europesays.com\/pt\/wp-json\/wp\/v2\/categories?post=177246"},{"taxonomy":"post_tag","embeddable":true,"href":"https:\/\/www.europesays.com\/pt\/wp-json\/wp\/v2\/tags?post=177246"}],"curies":[{"name":"wp","href":"https:\/\/api.w.org\/{rel}","templated":true}]}}