{"id":177266,"date":"2025-12-06T00:25:24","date_gmt":"2025-12-06T00:25:24","guid":{"rendered":"https:\/\/www.europesays.com\/pt\/177266\/"},"modified":"2025-12-06T00:25:24","modified_gmt":"2025-12-06T00:25:24","slug":"nao-aguento-mais-record","status":"publish","type":"post","link":"https:\/\/www.europesays.com\/pt\/177266\/","title":{"rendered":"\u2018N\u00e3o aguento mais!\u2019 \u2013 Record"},"content":{"rendered":"<p><img decoding=\"async\" data-chromatic=\"ignore\" alt=\"\" class=\"c-image\" loading=\"lazy\" src=\"https:\/\/www.europesays.com\/pt\/wp-content\/uploads\/2025\/12\/AULHFFKAIVAZFDXJGKOQG5ED5E.png\"  width=\"2409\" height=\"1313\"\/>Carol caiu em l\u00e1grimas ao falar de Mesquita Reprodu\u00e7\u00e3o\/RecordPlus <\/p>\n<p class=\"jarvics:base-text-neutral-high-400 base-text-[calc(theme(fontSize.xs)_*_var(--font-size,_1))] base-font-normal base-font-primary base-text-neutral-low-500 base-text-left\">Tem gente que engoliu seco o resultado da 11\u00aa Ro\u00e7a de <a href=\"https:\/\/record.r7.com\/a-fazenda\/a-fazenda-17\/\" target=\"_self\" rel=\"nofollow noopener\" title=\"https:\/\/record.r7.com\/a-fazenda\/a-fazenda-17\/\"><b>A Fazenda 17<\/b><\/a>! Carol Lekker n\u00e3o disfar\u00e7ou a decep\u00e7\u00e3o pelo retorno do rival e chorou em um desabafo com <a href=\"https:\/\/record.r7.com\/a-fazenda\/a-fazenda-17\/peoes\/fabiano-moraes\" target=\"_self\" title=\"Fabiano Moraes\" rel=\"nofollow noopener\"><b>Fabiano Moraes<\/b><\/a><b> <\/b>nesta sexta (5). <\/p>\n<ul class=\"b-article-body__list-unordered\">\n<li><b>Quer ficar por dentro de tudo que est\u00e1 acontecendo em\u00a0<\/b><b>A Fazenda 17<\/b><b>?\u00a0<\/b><a href=\"https:\/\/www.whatsapp.com\/channel\/0029Va2cJIR1noz2ahzX0D1N\" target=\"_blank\" rel=\"noreferrer nofollow noopener\" title=\"https:\/\/www.whatsapp.com\/channel\/0029Va2cJIR1noz2ahzX0D1N\"><b>Clique aqui<\/b><\/a><b>\u00a0e fa\u00e7a parte do nosso canal no WhatsApp!<\/b><\/li>\n<\/ul>\n<p class=\"jarvics:base-text-neutral-high-400 base-text-[calc(theme(fontSize.xs)_*_var(--font-size,_1))] base-font-normal base-font-primary base-text-neutral-low-500 base-text-left\">Carol acordou cedo para acompanhar o Fazendeiro Dudu com a c\u00e2mera-trato nos cuidados com Apolo. Depois, dormiu at\u00e9 a tarde, e acordou a fim de conversar. Ela encontrou Fabiano na sala e aproveitou: \u201cToda hora eu enquadrava ele [Mesquita], \u2018voc\u00ea \u00e9 Liga\u2019. A outra [Duda] sempre fez jogo de veneno. No dia que aconteceu aquela palha\u00e7ada com a Yon\u00e1, que por ventura aconteceu aquela [palavr\u00e3o] comigo, foi a primeira a entrar aqui na porta \u2018ass\u00e9dio\u2019. Desde isso a\u00ed minha vida virou um inferno aqui\u201d.<\/p>\n<p class=\"jarvics:base-text-neutral-high-400 base-text-[calc(theme(fontSize.xs)_*_var(--font-size,_1))] base-font-normal base-font-primary base-text-neutral-low-500 base-text-left\">Em meio \u00e0s l\u00e1grimas, soltou: \u201cFica com o dinheiro. Se for para ficar assim, n\u00e3o quero. Se for para ficar nesse estado, n\u00e3o, desculpa, gente. T\u00f4 no meu limite!\u201d. Ela disse que est\u00e1 com muitas saudades da fam\u00edlia, e cravou: \u201cEu n\u00e3o vou dar palco, n\u00e3o vou falar mais nada\u201d.<\/p>\n<p class=\"jarvics:base-text-neutral-high-400 base-text-[calc(theme(fontSize.xs)_*_var(--font-size,_1))] base-font-normal base-font-primary base-text-neutral-low-500 base-text-left\">Fabiano pediu calma para a amiga, mas logo voltou a dormir. Reflexiva, Carol soltou: \u201cSocorro&#8230; N\u00e3o aguento mais!\u201d. O que ser\u00e1 que ela pretende fazer?<\/p>\n<p class=\"jarvics:base-text-neutral-high-400 base-text-[calc(theme(fontSize.xs)_*_var(--font-size,_1))] base-font-normal base-font-primary base-text-neutral-low-500 base-text-left\">Fique ligado! <a href=\"https:\/\/record.r7.com\/a-fazenda\/a-fazenda-17\/\" rel=\"nofollow noopener\" title=\"https:\/\/record.r7.com\/a-fazenda\/a-fazenda-17\/\" target=\"_blank\"><b>A Fazenda 17<\/b><\/a> vai ao ar de segunda a domingo, \u00e0s 22h30, na tela da <a href=\"https:\/\/record.r7.com\/\" rel=\"nofollow noopener\" target=\"_blank\"><b>RECORD<\/b><\/a>. Assine o <a href=\"https:\/\/www.recordplus.com\/home\" rel=\"nofollow noopener\" title=\"https:\/\/www.recordplus.com\/home\" target=\"_blank\"><b>RecordPlus<\/b><\/a> e tenha acesso \u00e0s c\u00e2meras 24 horas.<\/p>\n<p><b>Choque, selinhos da vit\u00f3ria e farpas afiadas: veja como a sede reagiu \u00e0 elimina\u00e7\u00e3o de T\u00e0mires Ass\u00ees<\/b><\/p>\n<p class=\"jarvics:base-text-neutral-high-400 base-text-[calc(theme(fontSize.xxs)_*_var(--font-size,_1))] base-font-semibold base-font-primary base-text-neutral-low-500 base-text-left\">A reta final de A Fazenda 17 est\u00e1 com tudo e o Top 10 j\u00e1 foi reduzido. Ap\u00f3s dar o que falar no reality rural, T\u00e0mires Ass\u00ees se despediu da competi\u00e7\u00e3o. Na madrugada desta sexta (5), Saory Cardoso e Luiz Mesquita agitaram as estruturas da pe\u00e3ozada com a volta para a sede, e a not\u00edcia rendeu as melhores rea\u00e7\u00f5es; se liga!<\/p>\n","protected":false},"excerpt":{"rendered":"Carol caiu em l\u00e1grimas ao falar de Mesquita Reprodu\u00e7\u00e3o\/RecordPlus Tem gente que engoliu seco o resultado da 11\u00aa&hellip;\n","protected":false},"author":2,"featured_media":177267,"comment_status":"","ping_status":"","sticky":false,"template":"","format":"standard","meta":{"footnotes":""},"categories":[145],"tags":[657,21355,211,210,114,115,32,33],"class_list":{"0":"post-177266","1":"post","2":"type-post","3":"status-publish","4":"format-standard","5":"has-post-thumbnail","7":"category-celebridades","8":"tag-a-fazenda","9":"tag-carol-lekker","10":"tag-celebridades","11":"tag-celebrities","12":"tag-entertainment","13":"tag-entretenimento","14":"tag-portugal","15":"tag-pt"},"share_on_mastodon":{"url":"https:\/\/pubeurope.com\/@pt\/115669783459955642","error":""},"_links":{"self":[{"href":"https:\/\/www.europesays.com\/pt\/wp-json\/wp\/v2\/posts\/177266","targetHints":{"allow":["GET"]}}],"collection":[{"href":"https:\/\/www.europesays.com\/pt\/wp-json\/wp\/v2\/posts"}],"about":[{"href":"https:\/\/www.europesays.com\/pt\/wp-json\/wp\/v2\/types\/post"}],"author":[{"embeddable":true,"href":"https:\/\/www.europesays.com\/pt\/wp-json\/wp\/v2\/users\/2"}],"replies":[{"embeddable":true,"href":"https:\/\/www.europesays.com\/pt\/wp-json\/wp\/v2\/comments?post=177266"}],"version-history":[{"count":0,"href":"https:\/\/www.europesays.com\/pt\/wp-json\/wp\/v2\/posts\/177266\/revisions"}],"wp:featuredmedia":[{"embeddable":true,"href":"https:\/\/www.europesays.com\/pt\/wp-json\/wp\/v2\/media\/177267"}],"wp:attachment":[{"href":"https:\/\/www.europesays.com\/pt\/wp-json\/wp\/v2\/media?parent=177266"}],"wp:term":[{"taxonomy":"category","embeddable":true,"href":"https:\/\/www.europesays.com\/pt\/wp-json\/wp\/v2\/categories?post=177266"},{"taxonomy":"post_tag","embeddable":true,"href":"https:\/\/www.europesays.com\/pt\/wp-json\/wp\/v2\/tags?post=177266"}],"curies":[{"name":"wp","href":"https:\/\/api.w.org\/{rel}","templated":true}]}}