{"id":177272,"date":"2025-12-06T00:40:12","date_gmt":"2025-12-06T00:40:12","guid":{"rendered":"https:\/\/www.europesays.com\/pt\/177272\/"},"modified":"2025-12-06T00:40:12","modified_gmt":"2025-12-06T00:40:12","slug":"casal-assaltado-a-mao-armada-a-porta-de-casa-em-vila-do-conde","status":"publish","type":"post","link":"https:\/\/www.europesays.com\/pt\/177272\/","title":{"rendered":"Casal assaltado \u00e0 m\u00e3o armada \u00e0 porta de casa em Vila do Conde"},"content":{"rendered":"<p data-remotead-prev-elm=\"true\" data-remotead-elm-id=\"inread\">Segundo disse ao JN fonte policial, o ataque ocorreu cerca da 1 hora quando os idosos se preparavam para guardar o carro na garagem.<\/p>\n<p>Dois encapuzados apareceram de forma s\u00fabita e, apontando uma arma de fogo, obrigaram-nos a entregar a viatura.<\/p>\n<p>Os assaltantes fugiram com o carro, que teria ainda no seu interior cerca de 700 euros, rel\u00f3gios, documentos e pe\u00e7as em ouro. Apesar do susto, nenhum dos dois elementos do casal ficou ferido.<\/p>\n<p>A PSP foi acionada para o local, mas, por envolver o uso de arma de fogo, a investiga\u00e7\u00e3o passou para a al\u00e7ada da Pol\u00edcia Judici\u00e1ria, que procura agora identificar os autores do crime.<\/p>\n","protected":false},"excerpt":{"rendered":"Segundo disse ao JN fonte policial, o ataque ocorreu cerca da 1 hora quando os idosos se preparavam&hellip;\n","protected":false},"author":2,"featured_media":177273,"comment_status":"","ping_status":"","sticky":false,"template":"","format":"standard","meta":{"footnotes":""},"categories":[8],"tags":[27,28,15,16,14,603,25,26,21,22,12,13,19,20,32,23,24,1306,33,17,18,29,30,31,15104],"class_list":{"0":"post-177272","1":"post","2":"type-post","3":"status-publish","4":"format-standard","5":"has-post-thumbnail","7":"category-principais-noticias","8":"tag-breaking-news","9":"tag-breakingnews","10":"tag-featured-news","11":"tag-featurednews","12":"tag-headlines","13":"tag-justica","14":"tag-latest-news","15":"tag-latestnews","16":"tag-main-news","17":"tag-mainnews","18":"tag-news","19":"tag-noticias","20":"tag-noticias-principais","21":"tag-noticiasprincipais","22":"tag-portugal","23":"tag-principais-noticias","24":"tag-principaisnoticias","25":"tag-psp","26":"tag-pt","27":"tag-top-stories","28":"tag-topstories","29":"tag-ultimas","30":"tag-ultimas-noticias","31":"tag-ultimasnoticias","32":"tag-vila-do-conde"},"share_on_mastodon":{"url":"https:\/\/pubeurope.com\/@pt\/115669842311696225","error":""},"_links":{"self":[{"href":"https:\/\/www.europesays.com\/pt\/wp-json\/wp\/v2\/posts\/177272","targetHints":{"allow":["GET"]}}],"collection":[{"href":"https:\/\/www.europesays.com\/pt\/wp-json\/wp\/v2\/posts"}],"about":[{"href":"https:\/\/www.europesays.com\/pt\/wp-json\/wp\/v2\/types\/post"}],"author":[{"embeddable":true,"href":"https:\/\/www.europesays.com\/pt\/wp-json\/wp\/v2\/users\/2"}],"replies":[{"embeddable":true,"href":"https:\/\/www.europesays.com\/pt\/wp-json\/wp\/v2\/comments?post=177272"}],"version-history":[{"count":0,"href":"https:\/\/www.europesays.com\/pt\/wp-json\/wp\/v2\/posts\/177272\/revisions"}],"wp:featuredmedia":[{"embeddable":true,"href":"https:\/\/www.europesays.com\/pt\/wp-json\/wp\/v2\/media\/177273"}],"wp:attachment":[{"href":"https:\/\/www.europesays.com\/pt\/wp-json\/wp\/v2\/media?parent=177272"}],"wp:term":[{"taxonomy":"category","embeddable":true,"href":"https:\/\/www.europesays.com\/pt\/wp-json\/wp\/v2\/categories?post=177272"},{"taxonomy":"post_tag","embeddable":true,"href":"https:\/\/www.europesays.com\/pt\/wp-json\/wp\/v2\/tags?post=177272"}],"curies":[{"name":"wp","href":"https:\/\/api.w.org\/{rel}","templated":true}]}}