{"id":177282,"date":"2025-12-06T00:58:15","date_gmt":"2025-12-06T00:58:15","guid":{"rendered":"https:\/\/www.europesays.com\/pt\/177282\/"},"modified":"2025-12-06T00:58:15","modified_gmt":"2025-12-06T00:58:15","slug":"veja-como-esta-paulo-zulu-aos-62-anos-apos-cura-do-cancer","status":"publish","type":"post","link":"https:\/\/www.europesays.com\/pt\/177282\/","title":{"rendered":"Veja como est\u00e1 Paulo Zulu aos 62 anos ap\u00f3s cura do c\u00e2ncer"},"content":{"rendered":"<p>                        <img width=\"944\" height=\"531\" src=\"https:\/\/www.europesays.com\/pt\/wp-content\/uploads\/2025\/12\/Veja-como-esta-Paulo-Zulu-aos-62-anos-apos-cura-do-cancer-944x531.jpg\" class=\"attachment-custom-large size-custom-large article-featured-image\" alt=\"Paulo Zulu\" fetchpriority=\"high\" decoding=\"async\"  \/><\/p>\n<p>Paulo Zulu foi um dos modelos mais requisitados para fotos e desfiles durante o tempo em que exerceu a profiss\u00e3o (Foto: Redes sociais, Reprodu\u00e7\u00e3o)<\/p>\n<p><strong>Paulo Zulu<\/strong> esbanjou sa\u00fade ao postar uma foto sem camisa nas redes sociais, nesta sexta-feira (5). Aos 62 anos, o <strong>ator<\/strong> e <strong>ex-modelo<\/strong> relatou que tem levado uma <strong>vida saud\u00e1vel<\/strong>, com atividades f\u00edsicas, um ano ap\u00f3s <strong>se curar de um c\u00e2ncer<\/strong> descoberto em 2021.<\/p>\n<p>Continua depois da publicidade<\/p>\n<p>Logo depois do diagn\u00f3stico, o <strong>ex-modelo<\/strong> passou por uma cirurgia para a retirada de um <strong>tumor maligno na bexiga<\/strong>. Em 2023, ele voltou a ser diagnosticado com outro tumor na mesma regi\u00e3o e passou por um novo procedimento cir\u00fargico. <strong>Zulu <\/strong>disse estar curado da doen\u00e7a, em 2024.<\/p>\n<p>\u201cBom dia. Depois de deixar meu pequeno na escola, vou hoje surfar. Ontem corri e treinei jiu-j\u00edtsu. Vida intensa, sa\u00fade e felicidade a todos\u201d, escreveu ele na legenda da publica\u00e7\u00e3o.<\/p>\n<p><strong>Paulo Zulu<\/strong> foi um dos modelos mais requisitados para fotos e desfiles durante o tempo em que exerceu a profiss\u00e3o. Ele tamb\u00e9m foi surfista e chegou a trabalhar como ator na novela <strong>La\u00e7os de fam\u00edlia<\/strong>.<\/p>\n<p>Continua depois da publicidade<\/p>\n<p>Veja fotos da casa de Paulo Zulu1<\/p>\n<p>VoltarAvan\u00e7ar<\/p>\n<p><img loading=\"lazy\" decoding=\"async\" width=\"1200\" height=\"800\" data-id=\"7260297\" src=\"https:\/\/www.europesays.com\/pt\/wp-content\/uploads\/2025\/12\/LUAM4322.jpg\" alt=\"\" class=\"wp-image-7260297\"\/><\/p>\n<p>Zulu tem uma horta na pr\u00f3pria casa e na pousada, constru\u00eddas por ele mesmo (Foto: Lucas Amorelli, Arquivo DC)<\/p>\n<p><img loading=\"lazy\" decoding=\"async\" width=\"1200\" height=\"800\" data-id=\"7260294\" src=\"https:\/\/www.europesays.com\/pt\/wp-content\/uploads\/2025\/12\/LUAM4282.jpg\" alt=\"\" class=\"wp-image-7260294\"\/><\/p>\n<p>Artista trocou as passarelas e os holofotes por uma vida simples na Guarda do Emba\u00fa (Foto: Lucas Amorelli, Arquivo DC)<\/p>\n<p><img loading=\"lazy\" decoding=\"async\" width=\"1200\" height=\"800\" data-id=\"7260288\" src=\"https:\/\/www.europesays.com\/pt\/wp-content\/uploads\/2025\/12\/LUAM4046.jpg\" alt=\"\" class=\"wp-image-7260288\"\/><\/p>\n<p>Rodeado de natureza e canto dos p\u00e1ssaros, foi em Santa Catarina que firmou morada (Foto: Lucas Amorelli, Arquivo DC)<\/p>\n<p><img loading=\"lazy\" decoding=\"async\" width=\"1200\" height=\"800\" data-id=\"7260299\" src=\"https:\/\/www.europesays.com\/pt\/wp-content\/uploads\/2025\/12\/LUAM4093.jpg\" alt=\"\" class=\"wp-image-7260299\"\/><\/p>\n<p>Zulu tem 61 anos e ainda participa de algumas campanhas comerciais (Foto: Lucas Amorelli, Arquivo DC)<\/p>\n<p><img loading=\"lazy\" decoding=\"async\" width=\"1200\" height=\"800\" data-id=\"7260298\" src=\"https:\/\/www.europesays.com\/pt\/wp-content\/uploads\/2025\/12\/LUAM4438.jpg\" alt=\"\" class=\"wp-image-7260298\"\/><\/p>\n<p>Zulu tem uma academia no quintal de casa e leva a s\u00e9rio a rotina de exerc\u00edcios e boa alimenta\u00e7\u00e3o (Foto: Lucas Amorelli, Arquivo DC)<\/p>\n<p><img loading=\"lazy\" decoding=\"async\" width=\"1200\" height=\"800\" data-id=\"7260296\" src=\"https:\/\/www.europesays.com\/pt\/wp-content\/uploads\/2025\/12\/LUAM4357.jpg\" alt=\"\" class=\"wp-image-7260296\"\/><\/p>\n<p>Pousada de Paulo Zulu, na Guarda do Emba\u00fa (Foto: Lucas Amorelli, Arquivo DC)<\/p>\n<p><img loading=\"lazy\" decoding=\"async\" width=\"1200\" height=\"800\" data-id=\"7260289\" src=\"https:\/\/www.europesays.com\/pt\/wp-content\/uploads\/2025\/12\/LUAM4287.jpg\" alt=\"\" class=\"wp-image-7260289\"\/><\/p>\n<p>Pousada Zululand foi constru\u00edda na d\u00e9cada de 90, quando fazia sucesso em novelas (Foto: Lucas Amorelli, Arquivo DC)<\/p>\n<p><img loading=\"lazy\" decoding=\"async\" width=\"1200\" height=\"800\" data-id=\"7260295\" src=\"https:\/\/www.europesays.com\/pt\/wp-content\/uploads\/2025\/12\/LUAM4263.jpg\" alt=\"\" class=\"wp-image-7260295\"\/><\/p>\n<p>Zulu vive em meio \u00e0 natureza e ao canto dos p\u00e1ssaros (Foto: Lucas Amorelli, Arquivo DC)<\/p>\n<p><img loading=\"lazy\" decoding=\"async\" width=\"1200\" height=\"800\" data-id=\"7260290\" src=\"https:\/\/www.europesays.com\/pt\/wp-content\/uploads\/2025\/12\/LUAM4073.jpg\" alt=\"\" class=\"wp-image-7260290\"\/><\/p>\n<p>Ele ainda surfa, pesca e pratica jiu-jitsu, atividades que faz desde a juventude (Foto: Lucas Amorelli, Arquivo DC)<\/p>\n<p><img loading=\"lazy\" decoding=\"async\" width=\"1200\" height=\"800\" data-id=\"7260291\" src=\"https:\/\/www.europesays.com\/pt\/wp-content\/uploads\/2025\/12\/LUAM4203.jpg\" alt=\"\" class=\"wp-image-7260291\"\/><\/p>\n<p>Com bom humor, Zulu recebeu a reportagem do NSC Total (Foto: Lucas Amorelli, Arquivo DC)<\/p>\n<p><img loading=\"lazy\" decoding=\"async\" width=\"1200\" height=\"800\" data-id=\"7260287\" src=\"https:\/\/www.europesays.com\/pt\/wp-content\/uploads\/2025\/12\/LUAM4218.jpg\" alt=\"\" class=\"wp-image-7260287\"\/><\/p>\n<p>Paulo curou-se de um c\u00e2ncer na bexiga recentemente (Foto: Lucas Amorelli, Arquivo DC)<\/p>\n<p><img loading=\"lazy\" decoding=\"async\" width=\"1200\" height=\"800\" data-id=\"7260292\" src=\"https:\/\/www.europesays.com\/pt\/wp-content\/uploads\/2025\/12\/LUAM4403.jpg\" alt=\"\" class=\"wp-image-7260292\"\/><\/p>\n<p>Paulo tem diversas pranchas e coletes de surfe em casa (Foto: Lucas Amorelli, Arquivo DC)<\/p>\n<p><img loading=\"lazy\" decoding=\"async\" width=\"1200\" height=\"675\" data-id=\"7262466\" src=\"https:\/\/www.europesays.com\/pt\/wp-content\/uploads\/2025\/12\/Paulo-Zulu-e-os-tres-filhos-.jpg\" alt=\"\" class=\"wp-image-7262466\"  \/><\/p>\n<p>Paulo Zulu e os tr\u00eas filhos (Foto: Lucas Amorelli, Arquivo DC)<\/p>\n<p><img loading=\"lazy\" decoding=\"async\" width=\"1200\" height=\"675\" data-id=\"7262472\" src=\"https:\/\/www.europesays.com\/pt\/wp-content\/uploads\/2025\/12\/Zulu-e-a-esposa-Elaine-Quisinski.jpg\" alt=\"\" class=\"wp-image-7262472\"  \/><\/p>\n<p>Zulu e a esposa, Elaine Quisinski (Foto: Lucas Amorelli, Arquivo DC)<\/p>\n<p>Voc\u00ea vai querer ler sobre:\u00a0<a href=\"https:\/\/www.nsctotal.com.br\/noticias\/decisao-dificil-marcio-garcia-chora-ao-revelar-cancer-de-filho-de-quatro-patas\" target=\"_blank\" rel=\"noreferrer noopener nofollow\"><strong>\u201cDecis\u00e3o dif\u00edcil\u201d: M\u00e1rcio Garcia chora ao revelar c\u00e2ncer de \u201cfilho de quatro patas\u201d<\/strong><\/a><\/p>\n<p>*Sob supervis\u00e3o de Pablo Brito<\/p>\n","protected":false},"excerpt":{"rendered":"Paulo Zulu foi um dos modelos mais requisitados para fotos e desfiles durante o tempo em que exerceu&hellip;\n","protected":false},"author":2,"featured_media":177283,"comment_status":"","ping_status":"","sticky":false,"template":"","format":"standard","meta":{"footnotes":""},"categories":[145],"tags":[211,210,114,115,32,33,794],"class_list":{"0":"post-177282","1":"post","2":"type-post","3":"status-publish","4":"format-standard","5":"has-post-thumbnail","7":"category-celebridades","8":"tag-celebridades","9":"tag-celebrities","10":"tag-entertainment","11":"tag-entretenimento","12":"tag-portugal","13":"tag-pt","14":"tag-voce-viu"},"share_on_mastodon":{"url":"https:\/\/pubeurope.com\/@pt\/115669913928435405","error":""},"_links":{"self":[{"href":"https:\/\/www.europesays.com\/pt\/wp-json\/wp\/v2\/posts\/177282","targetHints":{"allow":["GET"]}}],"collection":[{"href":"https:\/\/www.europesays.com\/pt\/wp-json\/wp\/v2\/posts"}],"about":[{"href":"https:\/\/www.europesays.com\/pt\/wp-json\/wp\/v2\/types\/post"}],"author":[{"embeddable":true,"href":"https:\/\/www.europesays.com\/pt\/wp-json\/wp\/v2\/users\/2"}],"replies":[{"embeddable":true,"href":"https:\/\/www.europesays.com\/pt\/wp-json\/wp\/v2\/comments?post=177282"}],"version-history":[{"count":0,"href":"https:\/\/www.europesays.com\/pt\/wp-json\/wp\/v2\/posts\/177282\/revisions"}],"wp:featuredmedia":[{"embeddable":true,"href":"https:\/\/www.europesays.com\/pt\/wp-json\/wp\/v2\/media\/177283"}],"wp:attachment":[{"href":"https:\/\/www.europesays.com\/pt\/wp-json\/wp\/v2\/media?parent=177282"}],"wp:term":[{"taxonomy":"category","embeddable":true,"href":"https:\/\/www.europesays.com\/pt\/wp-json\/wp\/v2\/categories?post=177282"},{"taxonomy":"post_tag","embeddable":true,"href":"https:\/\/www.europesays.com\/pt\/wp-json\/wp\/v2\/tags?post=177282"}],"curies":[{"name":"wp","href":"https:\/\/api.w.org\/{rel}","templated":true}]}}