{"id":177287,"date":"2025-12-06T01:04:08","date_gmt":"2025-12-06T01:04:08","guid":{"rendered":"https:\/\/www.europesays.com\/pt\/177287\/"},"modified":"2025-12-06T01:04:08","modified_gmt":"2025-12-06T01:04:08","slug":"prestianni-aplaudido-apos-a-expulsao-maisfutebol","status":"publish","type":"post","link":"https:\/\/www.europesays.com\/pt\/177287\/","title":{"rendered":"Prestianni aplaudido ap\u00f3s a expuls\u00e3o &#8211; Maisfutebol"},"content":{"rendered":"<ol>\n<li><a href=\"https:\/\/news.google.com\/rss\/articles\/CBMimwFBVV95cUxOTVRaNlFDbFczV3M1dUxUU0FlQjA0N0FYc01Zc29OVmZ5cjJRRlc5QVprOWZtZ3A0X2tGTTBTTktzLXBSTnpKQ2lmeHlwNHB0QjhrMjcyU2loNmJUcGtRdG9zT1JSSGk0eDRIckFpSFd6Y1I1cFM1LUpsZlFueV9mZ09iejItMno3U1VOVTFXLVpGMTdxRHJrdlB5Zw?oc=5\" target=\"_blank\" rel=\"nofollow noopener\">Prestianni aplaudido ap\u00f3s a expuls\u00e3o<\/a>&nbsp;&nbsp;Maisfutebol<\/li>\n<li><a href=\"https:\/\/news.google.com\/rss\/articles\/CBMiqAFBVV95cUxPQkFVWDJxQzNyWlF0LUtiVk9RTVM3eW9sWXptc3VLU0MyUEVjNnVIR3J3R2F2N3lsVlZMeW5XbEk3YXBWM1dVY2RRNXpqcWlndTM5aFdIYmlzdzF0dk40eXVLUFhDc1ZaeWVfc0FzUElwdGVleXpmU0hUSFR5MTBhSnZ6eS15eEhEUDJYWVlwNzFCTzI0cXNHdF9KZmpST05ZbXhKWUZKYXE?oc=5\" target=\"_blank\" rel=\"nofollow noopener\">V\u00eddeo: Prestianni nem tocou na bola&#8230; e foi expulso no VAR<\/a>&nbsp;&nbsp;A Bola<\/li>\n<li><a href=\"https:\/\/news.google.com\/rss\/articles\/CBMi3wFBVV95cUxQQVR2al9Da3dGaXRGUjJpQ0xxaFR1djczT1NsZ3RVdUdmZ3l6M19qWlBjaF8xME41TnRXUU1ESEVITDNGMkRCMnYzY2VheFBFYS05Qk81djMtVG15R25kOTVpcmhhLTQzRU9OWWt1Mk5YRHp1d1d2MWMzZDNGMjZnajY3RVlTM1BTeFN5bldoSWZwWDB0UjFpRU1JbU0yOU9tU0hOM0Vwb0E4b0s3bDl1aU14blpxUk1INk5zal9XeHQ3M2tRY0JPZmgwSTQ4Y3hYenVFaGtGd2VzcnZUbVg40gHIAUFVX3lxTE1WWEpacy1CbmkxbkE4eG9NVnQyS3JWdG9DX1VrbFEzUVlyVVk5UFZCOEdfTGpoNGVTYnBSY3o3aWUxdXd0Mzl5aEkwVGxKZEZrUE9XNVotcHFDQTFSNHBqU3pfdDZFcXptZC01bXhCRURrb0VfUmJCeGgtSTEzY2Q4bUZQMVo1QkZSbzdRcWp6M1lPV21iVmVPYmprbE51QUpMdmRoWm5KWXBNWmwzTThQTnNEZmdkWnlaS3c1TVM4N3EzeGQ1VXJK?oc=5\" target=\"_blank\" rel=\"nofollow noopener\">Nota 4 para Ant\u00f3nio Nobre. \u201cBem na expuls\u00e3o de Prestianni\u201d<\/a>&nbsp;&nbsp;Renascen\u00e7a<\/li>\n<li><a href=\"https:\/\/news.google.com\/rss\/articles\/CBMitgFBVV95cUxNRjNtVDl4WFFMTDFlaHZOVXp0Sk41OG9rZzAtMUFRcTZTRExwN3Q0bXRLV1R4VWh0MzVnSlVMejF5dXA2T01ydUZwZGhId050VHRGNWFKYW5wNFJ1NnVQOVQ5NUxBM2dhSFNGR2ZaRUEyNzh1YUxyRUtJbVdESk9fbmwta0NjbG92cnVTOU5RSDBUR1FYU3JCemlsbWdrSmdad1huaHhzV0JFUmxwWTZ0aEVmY1NSdw?oc=5\" target=\"_blank\" rel=\"nofollow noopener\">Prestianni foi bem expulso? Os casos do d\u00e9rbi de estreia de Ant\u00f3nio Nobre, em v\u00eddeo<\/a>&nbsp;&nbsp;Observador<\/li>\n<li><a href=\"https:\/\/news.google.com\/rss\/articles\/CBMixAFBVV95cUxNUXpiQzNUZ3FGVEp6RDdNc2ZrcDRlUm1GZ2ZmQnJ4ams1Y3R3RlJWVVZCaVNxU3dHeUxZaEphQ2hLdncyaG1uZ1RYbUgxMWg1SjdEUExFOWdvb0ZNdVIydGVPVnNvLVE1YXZpaFdsMHY4cGR5bi1xbTAydzd2b3BjdFlHdWtIeFZZV1J4aEtLS0x6UWVxUEtPS0RwNzJvUDdjZXBxbm9uZ1lMUHlXdE1IdjU5alFHSTZ2MnphUnRsMWw5ZDBu?oc=5\" target=\"_blank\" rel=\"nofollow noopener\">\u00abH\u00e1 um jogador do Sporting que \u00e9 intoc\u00e1vel, faz o que quer&#8230;\u00bb<\/a>&nbsp;&nbsp;CNN Portugal<\/li>\n<\/ol>\n","protected":false},"excerpt":{"rendered":"Prestianni aplaudido ap\u00f3s a expuls\u00e3o&nbsp;&nbsp;Maisfutebol V\u00eddeo: Prestianni nem tocou na bola&#8230; e foi expulso no VAR&nbsp;&nbsp;A Bola Nota&hellip;\n","protected":false},"author":2,"featured_media":177288,"comment_status":"","ping_status":"","sticky":false,"template":"","format":"standard","meta":{"footnotes":""},"categories":[87],"tags":[51,135,9010,25256,36,46,32,33,47,34,134],"class_list":{"0":"post-177287","1":"post","2":"type-post","3":"status-publish","4":"format-standard","5":"has-post-thumbnail","7":"category-desporto","8":"tag-benfica","9":"tag-desporto","10":"tag-geny-catamo","11":"tag-gianluca-prestianni","12":"tag-liga","13":"tag-maisfutebol","14":"tag-portugal","15":"tag-pt","16":"tag-pura-paixao","17":"tag-sporting","18":"tag-sports"},"share_on_mastodon":{"url":"https:\/\/pubeurope.com\/@pt\/115669936549620489","error":""},"_links":{"self":[{"href":"https:\/\/www.europesays.com\/pt\/wp-json\/wp\/v2\/posts\/177287","targetHints":{"allow":["GET"]}}],"collection":[{"href":"https:\/\/www.europesays.com\/pt\/wp-json\/wp\/v2\/posts"}],"about":[{"href":"https:\/\/www.europesays.com\/pt\/wp-json\/wp\/v2\/types\/post"}],"author":[{"embeddable":true,"href":"https:\/\/www.europesays.com\/pt\/wp-json\/wp\/v2\/users\/2"}],"replies":[{"embeddable":true,"href":"https:\/\/www.europesays.com\/pt\/wp-json\/wp\/v2\/comments?post=177287"}],"version-history":[{"count":0,"href":"https:\/\/www.europesays.com\/pt\/wp-json\/wp\/v2\/posts\/177287\/revisions"}],"wp:featuredmedia":[{"embeddable":true,"href":"https:\/\/www.europesays.com\/pt\/wp-json\/wp\/v2\/media\/177288"}],"wp:attachment":[{"href":"https:\/\/www.europesays.com\/pt\/wp-json\/wp\/v2\/media?parent=177287"}],"wp:term":[{"taxonomy":"category","embeddable":true,"href":"https:\/\/www.europesays.com\/pt\/wp-json\/wp\/v2\/categories?post=177287"},{"taxonomy":"post_tag","embeddable":true,"href":"https:\/\/www.europesays.com\/pt\/wp-json\/wp\/v2\/tags?post=177287"}],"curies":[{"name":"wp","href":"https:\/\/api.w.org\/{rel}","templated":true}]}}