{"id":177289,"date":"2025-12-06T01:07:08","date_gmt":"2025-12-06T01:07:08","guid":{"rendered":"https:\/\/www.europesays.com\/pt\/177289\/"},"modified":"2025-12-06T01:07:08","modified_gmt":"2025-12-06T01:07:08","slug":"as-imagens-da-ultima-superlua-do-ano-que-iluminou-todo-o-mundo","status":"publish","type":"post","link":"https:\/\/www.europesays.com\/pt\/177289\/","title":{"rendered":"As imagens da \u00faltima Superlua do ano que iluminou todo o mundo"},"content":{"rendered":"<p>Uma Superlua ocorre quando a \u00f3rbita da Lua est\u00e1 mais pr\u00f3xima (perigeu) da Terra ao mesmo tempo em que a Lua est\u00e1 cheia. Assim aconteceu esta sexta-feira.\n<\/p>\n<p>Trata-se de um fen\u00f3meno que faz com que o sat\u00e9lite da Terra seja 15% mais brilhante e esteja 22 mil quil\u00f3metros mais pr\u00f3ximo do nosso planeta.\n<\/p>\n<p>As Superluas s\u00e3o raras, mas a \u00faltima vez que aconteceu foi no passado m\u00eas de novembro. Caso tenha perdido a oportunidade, n\u00e3o desanime. Pode marcar a pr\u00f3xima na agenda: a pr\u00f3xima Superlua est\u00e1 prevista acontecer a <strong>16 de maio de 2026.<\/strong><\/p>\n","protected":false},"excerpt":{"rendered":"Uma Superlua ocorre quando a \u00f3rbita da Lua est\u00e1 mais pr\u00f3xima (perigeu) da Terra ao mesmo tempo em&hellip;\n","protected":false},"author":2,"featured_media":177290,"comment_status":"","ping_status":"","sticky":false,"template":"","format":"standard","meta":{"footnotes":""},"categories":[84],"tags":[109,107,108,32,33,105,103,104,106,110],"class_list":{"0":"post-177289","1":"post","2":"type-post","3":"status-publish","4":"format-standard","5":"has-post-thumbnail","7":"category-ciencia-e-tecnologia","8":"tag-ciencia","9":"tag-ciencia-e-tecnologia","10":"tag-cienciaetecnologia","11":"tag-portugal","12":"tag-pt","13":"tag-science","14":"tag-science-and-technology","15":"tag-scienceandtechnology","16":"tag-technology","17":"tag-tecnologia"},"share_on_mastodon":{"url":"https:\/\/pubeurope.com\/@pt\/115669948399767400","error":""},"_links":{"self":[{"href":"https:\/\/www.europesays.com\/pt\/wp-json\/wp\/v2\/posts\/177289","targetHints":{"allow":["GET"]}}],"collection":[{"href":"https:\/\/www.europesays.com\/pt\/wp-json\/wp\/v2\/posts"}],"about":[{"href":"https:\/\/www.europesays.com\/pt\/wp-json\/wp\/v2\/types\/post"}],"author":[{"embeddable":true,"href":"https:\/\/www.europesays.com\/pt\/wp-json\/wp\/v2\/users\/2"}],"replies":[{"embeddable":true,"href":"https:\/\/www.europesays.com\/pt\/wp-json\/wp\/v2\/comments?post=177289"}],"version-history":[{"count":0,"href":"https:\/\/www.europesays.com\/pt\/wp-json\/wp\/v2\/posts\/177289\/revisions"}],"wp:featuredmedia":[{"embeddable":true,"href":"https:\/\/www.europesays.com\/pt\/wp-json\/wp\/v2\/media\/177290"}],"wp:attachment":[{"href":"https:\/\/www.europesays.com\/pt\/wp-json\/wp\/v2\/media?parent=177289"}],"wp:term":[{"taxonomy":"category","embeddable":true,"href":"https:\/\/www.europesays.com\/pt\/wp-json\/wp\/v2\/categories?post=177289"},{"taxonomy":"post_tag","embeddable":true,"href":"https:\/\/www.europesays.com\/pt\/wp-json\/wp\/v2\/tags?post=177289"}],"curies":[{"name":"wp","href":"https:\/\/api.w.org\/{rel}","templated":true}]}}