{"id":177295,"date":"2025-12-06T01:17:12","date_gmt":"2025-12-06T01:17:12","guid":{"rendered":"https:\/\/www.europesays.com\/pt\/177295\/"},"modified":"2025-12-06T01:17:12","modified_gmt":"2025-12-06T01:17:12","slug":"elenco-de-percy-jackson-e-os-olimpianos-desembarca-em-sao-paulo-para-ccxp25","status":"publish","type":"post","link":"https:\/\/www.europesays.com\/pt\/177295\/","title":{"rendered":"Elenco de Percy Jackson e os Olimpianos desembarca em S\u00e3o Paulo para CCXP25"},"content":{"rendered":"<p>\t\t\t\t\t\t\t\tPOXA, VOC\u00ca USA AD BLOCK?<\/p>\n<p>Percebemos que voc\u00ea recorre ao bloqueio de an\u00fancios.<\/p>\n<p>Por isso, resolvemos mandar essa mensagem para que voc\u00ea repense esse uso =)<\/p>\n<p>Trabalhamos muito para que o conte\u00fado chegue rapidinho at\u00e9 voc\u00ea e nos preocupamos bastante com a qualidade e a veracidade das informa\u00e7\u00f5es, por isso temos v\u00e1rios<br \/>\n\t\t\t\t\t\t\t\t\t\tprofissionais de diversas \u00e1reas envolvidos nesse processo. Os an\u00fancios formam fonte de renda necess\u00e1ria para a manuten\u00e7\u00e3o dessa equipe.<\/p>\n<p>Se voc\u00ea reparar, n\u00e3o temos publicidade exagerada e nem invasiva. Que tal, ent\u00e3o, nos colocar na sua lista whitelist do plugin de AdBlock? Desta forma, voc\u00ea ajuda a manter o portal cada dia melhor.<\/p>\n<p>Confira abaixo como desativar:<\/p>\n<p>1. Acesse o navegador em extens\u00f5es;<\/p>\n<p>2. D\u00ea um clique direito com o mouse;<\/p>\n<p>3. Selecione AdBlock;<\/p>\n<p>4. Depois Pausar, voc\u00ea poder\u00e1 optar por manter pausado somente este site.<\/p>\n","protected":false},"excerpt":{"rendered":"POXA, VOC\u00ca USA AD BLOCK? Percebemos que voc\u00ea recorre ao bloqueio de an\u00fancios. Por isso, resolvemos mandar essa&hellip;\n","protected":false},"author":2,"featured_media":177296,"comment_status":"","ping_status":"","sticky":false,"template":"","format":"standard","meta":{"footnotes":""},"categories":[140],"tags":[211,1902,114,115,1899,980,147,148,1905,1650,146,13,1898,32,33,1904,1903,1900,1906,941,1901],"class_list":{"0":"post-177295","1":"post","2":"type-post","3":"status-publish","4":"format-standard","5":"has-post-thumbnail","7":"category-filmes","8":"tag-celebridades","9":"tag-enquetes","10":"tag-entertainment","11":"tag-entretenimento","12":"tag-estilo","13":"tag-famosos","14":"tag-film","15":"tag-filmes","16":"tag-foruns","17":"tag-fotos","18":"tag-movies","19":"tag-noticias","20":"tag-perfis","21":"tag-portugal","22":"tag-pt","23":"tag-quizes","24":"tag-rakings","25":"tag-realities","26":"tag-red-carpet","27":"tag-series","28":"tag-teens"},"share_on_mastodon":{"url":"https:\/\/pubeurope.com\/@pt\/115669988352087025","error":""},"_links":{"self":[{"href":"https:\/\/www.europesays.com\/pt\/wp-json\/wp\/v2\/posts\/177295","targetHints":{"allow":["GET"]}}],"collection":[{"href":"https:\/\/www.europesays.com\/pt\/wp-json\/wp\/v2\/posts"}],"about":[{"href":"https:\/\/www.europesays.com\/pt\/wp-json\/wp\/v2\/types\/post"}],"author":[{"embeddable":true,"href":"https:\/\/www.europesays.com\/pt\/wp-json\/wp\/v2\/users\/2"}],"replies":[{"embeddable":true,"href":"https:\/\/www.europesays.com\/pt\/wp-json\/wp\/v2\/comments?post=177295"}],"version-history":[{"count":0,"href":"https:\/\/www.europesays.com\/pt\/wp-json\/wp\/v2\/posts\/177295\/revisions"}],"wp:featuredmedia":[{"embeddable":true,"href":"https:\/\/www.europesays.com\/pt\/wp-json\/wp\/v2\/media\/177296"}],"wp:attachment":[{"href":"https:\/\/www.europesays.com\/pt\/wp-json\/wp\/v2\/media?parent=177295"}],"wp:term":[{"taxonomy":"category","embeddable":true,"href":"https:\/\/www.europesays.com\/pt\/wp-json\/wp\/v2\/categories?post=177295"},{"taxonomy":"post_tag","embeddable":true,"href":"https:\/\/www.europesays.com\/pt\/wp-json\/wp\/v2\/tags?post=177295"}],"curies":[{"name":"wp","href":"https:\/\/api.w.org\/{rel}","templated":true}]}}