{"id":177305,"date":"2025-12-06T01:32:08","date_gmt":"2025-12-06T01:32:08","guid":{"rendered":"https:\/\/www.europesays.com\/pt\/177305\/"},"modified":"2025-12-06T01:32:08","modified_gmt":"2025-12-06T01:32:08","slug":"surfista-brasileiro-apanhado-por-onda-gigante-na-nazare-veja-o-momento","status":"publish","type":"post","link":"https:\/\/www.europesays.com\/pt\/177305\/","title":{"rendered":"Surfista brasileiro apanhado por onda gigante na Nazar\u00e9. Veja o momento"},"content":{"rendered":"<p>Numa mensagem divulgada h\u00e1 dois dias no seu Instagram, a equipa de Burle descreve que o atleta foi apanhado &#8220;por uma grande bomba&#8221;, ao ser derrubado pela massa de \u00e1gua a grande velocidade. &#8220;Gra\u00e7as a Deus, Lucas Chumbo estava presente e o Burle foi resgatado imediatamente, recebeu atendimento da equipe no local e j\u00e1 est\u00e1 bem, em observa\u00e7\u00e3o e se recuperando&#8221;, l\u00ea-se na mensagem.<\/p>\n<p>Nos momentos em que esteve debaixo de \u00e1gua, Brule n\u00e3o perdeu os sentidos, mas esteve em dificuldades por ter ido ao fundo, tendo demorado a conseguir ativar o colete insufl\u00e1vel, para o levar de volta \u00e0 superf\u00edcie. Toda a a\u00e7\u00e3o foi filmada pela equipa e pela c\u00e2mara que transportava consigo e que o ter\u00e1 atrapalhado quando tentava surfar a onda.<\/p>\n<p>&#8220;Eu queria fazer umas imagens, e desde a primeira onda que o Lucas me puxou, eu estava com a c\u00e2mara na boca filmando para um lado, filmando para o outro. Nessa onda, eu quis fazer uma imagem de frente. Quando eu caio, eu continuo segurando com as duas m\u00e3os para n\u00e3o perd\u00ea-la&#8221;, explicou ainda ao portal UOL.<\/p>\n","protected":false},"excerpt":{"rendered":"Numa mensagem divulgada h\u00e1 dois dias no seu Instagram, a equipa de Burle descreve que o atleta foi&hellip;\n","protected":false},"author":2,"featured_media":177306,"comment_status":"","ping_status":"","sticky":false,"template":"","format":"standard","meta":{"footnotes":""},"categories":[87],"tags":[36674,135,32196,32,33,134,8211],"class_list":{"0":"post-177305","1":"post","2":"type-post","3":"status-publish","4":"format-standard","5":"has-post-thumbnail","7":"category-desporto","8":"tag-concelho-nazare","9":"tag-desporto","10":"tag-ondas-gigantes","11":"tag-portugal","12":"tag-pt","13":"tag-sports","14":"tag-surf"},"share_on_mastodon":{"url":"https:\/\/pubeurope.com\/@pt\/115670046587450844","error":""},"_links":{"self":[{"href":"https:\/\/www.europesays.com\/pt\/wp-json\/wp\/v2\/posts\/177305","targetHints":{"allow":["GET"]}}],"collection":[{"href":"https:\/\/www.europesays.com\/pt\/wp-json\/wp\/v2\/posts"}],"about":[{"href":"https:\/\/www.europesays.com\/pt\/wp-json\/wp\/v2\/types\/post"}],"author":[{"embeddable":true,"href":"https:\/\/www.europesays.com\/pt\/wp-json\/wp\/v2\/users\/2"}],"replies":[{"embeddable":true,"href":"https:\/\/www.europesays.com\/pt\/wp-json\/wp\/v2\/comments?post=177305"}],"version-history":[{"count":0,"href":"https:\/\/www.europesays.com\/pt\/wp-json\/wp\/v2\/posts\/177305\/revisions"}],"wp:featuredmedia":[{"embeddable":true,"href":"https:\/\/www.europesays.com\/pt\/wp-json\/wp\/v2\/media\/177306"}],"wp:attachment":[{"href":"https:\/\/www.europesays.com\/pt\/wp-json\/wp\/v2\/media?parent=177305"}],"wp:term":[{"taxonomy":"category","embeddable":true,"href":"https:\/\/www.europesays.com\/pt\/wp-json\/wp\/v2\/categories?post=177305"},{"taxonomy":"post_tag","embeddable":true,"href":"https:\/\/www.europesays.com\/pt\/wp-json\/wp\/v2\/tags?post=177305"}],"curies":[{"name":"wp","href":"https:\/\/api.w.org\/{rel}","templated":true}]}}