{"id":177329,"date":"2025-12-06T02:26:12","date_gmt":"2025-12-06T02:26:12","guid":{"rendered":"https:\/\/www.europesays.com\/pt\/177329\/"},"modified":"2025-12-06T02:26:12","modified_gmt":"2025-12-06T02:26:12","slug":"depois-do-secret-story-bruno-simao-regressa-ao-futebol-ao-lado-de-quaresma-e-nani-secret-story","status":"publish","type":"post","link":"https:\/\/www.europesays.com\/pt\/177329\/","title":{"rendered":"Depois do Secret Story, Bruno Sim\u00e3o regressa ao futebol ao lado de Quaresma e Nani &#8211; Secret Story"},"content":{"rendered":"<p data-end=\"1168\" data-start=\"891\"><strong>Bruno Sim\u00e3o<\/strong> recorreu \u00e0s redes sociais para revelar uma novidade que est\u00e1 a entusiasmar os f\u00e3s de futebol. O ex-concorrente do <a href=\"https:\/\/tvi.iol.pt\/secretstory\/\" target=\"_blank\" rel=\"nofollow noopener\"><strong>Secret Story 9<\/strong><\/a> foi convidado para participar num jogo solid\u00e1rio que se realiza na pr\u00f3xima segunda-feira, dia 8, em Cascais, a partir das 10:00 horas.<\/p>\n<p data-end=\"1433\" data-start=\"1170\">A iniciativa vai juntar v\u00e1rias figuras conhecidas do desporto, incluindo craques que marcaram gera\u00e7\u00f5es: <strong data-end=\"1286\" data-start=\"1278\">Nani<\/strong>, <strong data-end=\"1308\" data-start=\"1288\">Ricardo Quaresma<\/strong>, <strong data-end=\"1326\" data-start=\"1310\">Adrien Silva<\/strong>, <strong data-end=\"1345\" data-start=\"1328\">Jorge Andrade<\/strong>, <strong data-end=\"1364\" data-start=\"1347\">Andr\u00e9 Almeida<\/strong> e <strong data-end=\"1384\" data-start=\"1367\">Beto Pimparel<\/strong>, entre outros nomes ligados ao futebol nacional.<\/p>\n<p data-end=\"1663\" data-start=\"1435\">Nas stories que partilhou, Bruno Sim\u00e3o lan\u00e7ou o convite aos seguidores para marcarem presen\u00e7a e apoiarem a causa. <strong>\u00abApare\u00e7am e venham fazer a diferen\u00e7a. Todos juntos seremos sempre mais fortes\u00bb<\/strong>, escreveu o ex-concorrente do reality show.<\/p>\n<p data-end=\"1818\" data-start=\"1665\">A manh\u00e3 promete unir boa disposi\u00e7\u00e3o, futebol de qualidade e esp\u00edrito solid\u00e1rio, num encontro que pretende juntar adeptos e jogadores por uma causa maior.<\/p>\n<p data-end=\"1818\" data-start=\"1665\"><img loading=\"lazy\" decoding=\"async\" alt=\"\" height=\"533\" src=\"https:\/\/www.europesays.com\/pt\/wp-content\/uploads\/2025\/12\/693300a9d34e3caad84c11be.webp\" width=\"300\"\/><img loading=\"lazy\" decoding=\"async\" alt=\"\" height=\"533\" src=\"https:\/\/www.europesays.com\/pt\/wp-content\/uploads\/2025\/12\/693300a9d34e2bd5c6d4ca08.webp\" width=\"300\"\/><\/p>\n<p data-end=\"1818\" data-start=\"1665\"><strong>Veja tamb\u00e9m:<\/strong><\/p>\n<p data-end=\"1818\" data-start=\"1665\">\u00a0<\/p>\n","protected":false},"excerpt":{"rendered":"Bruno Sim\u00e3o recorreu \u00e0s redes sociais para revelar uma novidade que est\u00e1 a entusiasmar os f\u00e3s de futebol.&hellip;\n","protected":false},"author":2,"featured_media":177330,"comment_status":"","ping_status":"","sticky":false,"template":"","format":"standard","meta":{"footnotes":""},"categories":[142],"tags":[18706,19139,114,115,18705,25054,32,33,36675,151,18704],"class_list":{"0":"post-177329","1":"post","2":"type-post","3":"status-publish","4":"format-standard","5":"has-post-thumbnail","7":"category-tv","8":"tag-bastidores-secret-story","9":"tag-bruno-simao","10":"tag-entertainment","11":"tag-entretenimento","12":"tag-entrevistas-concorrentes-tvi","13":"tag-nani","14":"tag-portugal","15":"tag-pt","16":"tag-quaresma","17":"tag-tv","18":"tag-vida-fora-da-casa"},"share_on_mastodon":{"url":"https:\/\/pubeurope.com\/@pt\/115670259421738067","error":""},"_links":{"self":[{"href":"https:\/\/www.europesays.com\/pt\/wp-json\/wp\/v2\/posts\/177329","targetHints":{"allow":["GET"]}}],"collection":[{"href":"https:\/\/www.europesays.com\/pt\/wp-json\/wp\/v2\/posts"}],"about":[{"href":"https:\/\/www.europesays.com\/pt\/wp-json\/wp\/v2\/types\/post"}],"author":[{"embeddable":true,"href":"https:\/\/www.europesays.com\/pt\/wp-json\/wp\/v2\/users\/2"}],"replies":[{"embeddable":true,"href":"https:\/\/www.europesays.com\/pt\/wp-json\/wp\/v2\/comments?post=177329"}],"version-history":[{"count":0,"href":"https:\/\/www.europesays.com\/pt\/wp-json\/wp\/v2\/posts\/177329\/revisions"}],"wp:featuredmedia":[{"embeddable":true,"href":"https:\/\/www.europesays.com\/pt\/wp-json\/wp\/v2\/media\/177330"}],"wp:attachment":[{"href":"https:\/\/www.europesays.com\/pt\/wp-json\/wp\/v2\/media?parent=177329"}],"wp:term":[{"taxonomy":"category","embeddable":true,"href":"https:\/\/www.europesays.com\/pt\/wp-json\/wp\/v2\/categories?post=177329"},{"taxonomy":"post_tag","embeddable":true,"href":"https:\/\/www.europesays.com\/pt\/wp-json\/wp\/v2\/tags?post=177329"}],"curies":[{"name":"wp","href":"https:\/\/api.w.org\/{rel}","templated":true}]}}