{"id":177343,"date":"2025-12-06T02:48:11","date_gmt":"2025-12-06T02:48:11","guid":{"rendered":"https:\/\/www.europesays.com\/pt\/177343\/"},"modified":"2025-12-06T02:48:11","modified_gmt":"2025-12-06T02:48:11","slug":"postal-de-natal-de-trump-divide-opinioes-e-e-rotulado-de-cringe","status":"publish","type":"post","link":"https:\/\/www.europesays.com\/pt\/177343\/","title":{"rendered":"postal de Natal de Trump divide opini\u00f5es e \u00e9 rotulado de &#8220;cringe&#8221;"},"content":{"rendered":"<p><strong>Foi divulgado esta quinta-feira o cart\u00e3o de Natal da Casa Branca. No postal, Donald Trump aparece ilustrado com um gorro de Pai Natal, em frente \u00e0 resid\u00eancia oficial, e com a seguinte express\u00e3o: \u201c<\/strong><strong>Daddy\u2019s Home\u201d, um termo utilizado nos Estados Unidos para sugerir que algu\u00e9m voltou a assumir o controlo.<\/strong><strong> <\/strong><\/p>\n<p>O cart\u00e3o foi partilhado no perfil oficial da Casa Branca no Instagram. Na legenda, pode ler-se: \u201cDe regresso a casa para as festas!\u201d.<\/p>\n<p>A publica\u00e7\u00e3o natal\u00edcia n\u00e3o agradou, no entanto, a centenas de internautas, que a classificaram como \u201ccringe\u201d, uma express\u00e3o muito utilizada no meio digital para descrever algo embara\u00e7oso ou que causa vergonha. Alegam que o postal \u00e9 pouco institucional e \u201cesquisito\u201d. Apesar das cr\u00edticas, alguns apoiantes de Donald Trump reagiram com entusiasmo e at\u00e9 prometeram estampar a imagem numa t-shirt. <\/p>\n<p>A equipa do presidente dos Estados Unidos tem apostado numa comunica\u00e7\u00e3o mais informal nas redes sociais, desde o in\u00edcio do seu segundo mandato, com memes, anima\u00e7\u00f5es, e algumas tend\u00eancias do momento. <\/p>\n<p><strong>Mais de 50 \u00e1rvores, uma casa de gengibre e um retrato de Trump baleado<\/strong><\/p>\n<p>Esta semana, a Casa Branca inaugurou a decora\u00e7\u00e3o de natal, inspirada no tema \u201cCasa \u00e9 onde o cora\u00e7\u00e3o est\u00e1\u201d, definido pela primeira-dama, Melania Trump, que trabalhou o conceito com o designer Herv\u00e9 Pierre, estilista e criador franco-americano conhecido por vestir as primeiras-damas desde 1990. <\/p>\n<p>A decora\u00e7\u00e3o natal\u00edcia \u00e9 composta por 75 grinaldas, mais de 50 \u00e1rvores e mais de 7 mil metros em fitas. H\u00e1 ainda uma miniatura da Casa Branca, com coroas de flores em todas as janelas, e uma casa de gengibre feita com mais de 54 quilos de massa. <\/p>\n<p>\t\t<img decoding=\"async\" src=\"https:\/\/www.europesays.com\/pt\/wp-content\/uploads\/2025\/12\/1764989290_368_thumbs.web.sapo.io\"  loading=\"true\"\/><\/p>\n<p>                        JIM LO SCALZO<\/p>\n<p>No Sal\u00e3o Azul, encontra-se a \u00e1rvore principal, com quase 5,5 metros de altura, decorada com estrelas douradas e s\u00edmbolos oficiais de cada Estado norte-americano. <\/p>\n<p>Um dos elementos que mais saltou \u00e0 vista na decora\u00e7\u00e3o foi o retrato de Donald Trump, com o punho erguido, captado segundos depois de ter sido baleado numa orelha, em julho de 2024, durante um com\u00edcio na Pensilv\u00e2nia. <\/p>\n<p>\t\t<img decoding=\"async\" src=\"https:\/\/www.europesays.com\/pt\/wp-content\/uploads\/2025\/12\/1764989291_941_thumbs.web.sapo.io\"  loading=\"true\"\/><\/p>\n<p>                        Aaron Schwartz<\/p>\n","protected":false},"excerpt":{"rendered":"Foi divulgado esta quinta-feira o cart\u00e3o de Natal da Casa Branca. No postal, Donald Trump aparece ilustrado com&hellip;\n","protected":false},"author":2,"featured_media":177344,"comment_status":"","ping_status":"","sticky":false,"template":"","format":"standard","meta":{"footnotes":""},"categories":[50],"tags":[27,28,15,16,14,25,26,21,22,62,12,13,19,20,23,24,17,18,29,30,31,63,64,65],"class_list":{"0":"post-177343","1":"post","2":"type-post","3":"status-publish","4":"format-standard","5":"has-post-thumbnail","7":"category-mundo","8":"tag-breaking-news","9":"tag-breakingnews","10":"tag-featured-news","11":"tag-featurednews","12":"tag-headlines","13":"tag-latest-news","14":"tag-latestnews","15":"tag-main-news","16":"tag-mainnews","17":"tag-mundo","18":"tag-news","19":"tag-noticias","20":"tag-noticias-principais","21":"tag-noticiasprincipais","22":"tag-principais-noticias","23":"tag-principaisnoticias","24":"tag-top-stories","25":"tag-topstories","26":"tag-ultimas","27":"tag-ultimas-noticias","28":"tag-ultimasnoticias","29":"tag-world","30":"tag-world-news","31":"tag-worldnews"},"share_on_mastodon":{"url":"https:\/\/pubeurope.com\/@pt\/115670345942116759","error":""},"_links":{"self":[{"href":"https:\/\/www.europesays.com\/pt\/wp-json\/wp\/v2\/posts\/177343","targetHints":{"allow":["GET"]}}],"collection":[{"href":"https:\/\/www.europesays.com\/pt\/wp-json\/wp\/v2\/posts"}],"about":[{"href":"https:\/\/www.europesays.com\/pt\/wp-json\/wp\/v2\/types\/post"}],"author":[{"embeddable":true,"href":"https:\/\/www.europesays.com\/pt\/wp-json\/wp\/v2\/users\/2"}],"replies":[{"embeddable":true,"href":"https:\/\/www.europesays.com\/pt\/wp-json\/wp\/v2\/comments?post=177343"}],"version-history":[{"count":0,"href":"https:\/\/www.europesays.com\/pt\/wp-json\/wp\/v2\/posts\/177343\/revisions"}],"wp:featuredmedia":[{"embeddable":true,"href":"https:\/\/www.europesays.com\/pt\/wp-json\/wp\/v2\/media\/177344"}],"wp:attachment":[{"href":"https:\/\/www.europesays.com\/pt\/wp-json\/wp\/v2\/media?parent=177343"}],"wp:term":[{"taxonomy":"category","embeddable":true,"href":"https:\/\/www.europesays.com\/pt\/wp-json\/wp\/v2\/categories?post=177343"},{"taxonomy":"post_tag","embeddable":true,"href":"https:\/\/www.europesays.com\/pt\/wp-json\/wp\/v2\/tags?post=177343"}],"curies":[{"name":"wp","href":"https:\/\/api.w.org\/{rel}","templated":true}]}}