{"id":177349,"date":"2025-12-06T03:02:09","date_gmt":"2025-12-06T03:02:09","guid":{"rendered":"https:\/\/www.europesays.com\/pt\/177349\/"},"modified":"2025-12-06T03:02:09","modified_gmt":"2025-12-06T03:02:09","slug":"base-francesa-com-submarinos-de-misseis-sobrevoada-por-cinco-drones","status":"publish","type":"post","link":"https:\/\/www.europesays.com\/pt\/177349\/","title":{"rendered":"Base francesa com submarinos de m\u00edsseis sobrevoada por cinco drones\u00a0"},"content":{"rendered":"<p>A Procuradoria Militar de Rennes, noroeste de Fran\u00e7a, abriu uma investiga\u00e7\u00e3o ap\u00f3s a dete\u00e7\u00e3o de cinco drones, aparentemente &#8220;desarmados&#8221;, sobrevoando os arredores da base, perto do porto de Brest, na regi\u00e3o da Bretanha, segundo informou a cadeia BFMTV.<\/p>\n<p>Um batalh\u00e3o de infantaria da Marinha encarregado de proteger a base, onde trabalham cerca de 2.400 pessoas, tanto militares como civis, lan\u00e7ou uma opera\u00e7\u00e3o antidrones e de busca ap\u00f3s detetar a presen\u00e7a desses aparelhos.<\/p>\n<p>A base, principal basti\u00e3o franc\u00eas da dissuas\u00e3o nuclear, tem f\u00e1cil acesso ao Oceano Atl\u00e2ntico e entrou em funcionamento em 1972. A Fran\u00e7a tamb\u00e9m conta com cinco submarinos de ataque nuclear, cuja base operacional se encontra no porto militar de Toulon (Var).<\/p>\n<p>V\u00e1rios pa\u00edses europeus refor\u00e7aram nas \u00faltimas semanas as suas defesas a\u00e9reas ap\u00f3s detetarem drones sobre infraestruturas cr\u00edticas, o que aumentou as tens\u00f5es com a R\u00fassia, pa\u00eds que apontam como principal respons\u00e1vel por estas a\u00e7\u00f5es no \u00e2mbito da guerra na Ucr\u00e2nia.<\/p>\n<p>Leia Tamb\u00e9m: <a href=\"https:\/\/www.noticiasaominuto.com\/mundo\/2900025\/tres-pessoas-julgadas-em-franca-por-naufragio-de-2023-no-canal-da-mancha\" target=\"_blank\" rel=\"noopener noreferrer nofollow\">Tr\u00eas pessoas julgadas em Fran\u00e7a por naufr\u00e1gio de 2023 no Canal da Mancha<\/a><\/p>\n","protected":false},"excerpt":{"rendered":"A Procuradoria Militar de Rennes, noroeste de Fran\u00e7a, abriu uma investiga\u00e7\u00e3o ap\u00f3s a dete\u00e7\u00e3o de cinco drones, aparentemente&hellip;\n","protected":false},"author":2,"featured_media":177350,"comment_status":"","ping_status":"","sticky":false,"template":"","format":"standard","meta":{"footnotes":""},"categories":[50],"tags":[27,28,15,16,14,25,26,21,22,62,12,13,19,20,23,24,17,18,29,30,31,63,64,65],"class_list":{"0":"post-177349","1":"post","2":"type-post","3":"status-publish","4":"format-standard","5":"has-post-thumbnail","7":"category-mundo","8":"tag-breaking-news","9":"tag-breakingnews","10":"tag-featured-news","11":"tag-featurednews","12":"tag-headlines","13":"tag-latest-news","14":"tag-latestnews","15":"tag-main-news","16":"tag-mainnews","17":"tag-mundo","18":"tag-news","19":"tag-noticias","20":"tag-noticias-principais","21":"tag-noticiasprincipais","22":"tag-principais-noticias","23":"tag-principaisnoticias","24":"tag-top-stories","25":"tag-topstories","26":"tag-ultimas","27":"tag-ultimas-noticias","28":"tag-ultimasnoticias","29":"tag-world","30":"tag-world-news","31":"tag-worldnews"},"share_on_mastodon":{"url":"https:\/\/pubeurope.com\/@pt\/115670400574342274","error":""},"_links":{"self":[{"href":"https:\/\/www.europesays.com\/pt\/wp-json\/wp\/v2\/posts\/177349","targetHints":{"allow":["GET"]}}],"collection":[{"href":"https:\/\/www.europesays.com\/pt\/wp-json\/wp\/v2\/posts"}],"about":[{"href":"https:\/\/www.europesays.com\/pt\/wp-json\/wp\/v2\/types\/post"}],"author":[{"embeddable":true,"href":"https:\/\/www.europesays.com\/pt\/wp-json\/wp\/v2\/users\/2"}],"replies":[{"embeddable":true,"href":"https:\/\/www.europesays.com\/pt\/wp-json\/wp\/v2\/comments?post=177349"}],"version-history":[{"count":0,"href":"https:\/\/www.europesays.com\/pt\/wp-json\/wp\/v2\/posts\/177349\/revisions"}],"wp:featuredmedia":[{"embeddable":true,"href":"https:\/\/www.europesays.com\/pt\/wp-json\/wp\/v2\/media\/177350"}],"wp:attachment":[{"href":"https:\/\/www.europesays.com\/pt\/wp-json\/wp\/v2\/media?parent=177349"}],"wp:term":[{"taxonomy":"category","embeddable":true,"href":"https:\/\/www.europesays.com\/pt\/wp-json\/wp\/v2\/categories?post=177349"},{"taxonomy":"post_tag","embeddable":true,"href":"https:\/\/www.europesays.com\/pt\/wp-json\/wp\/v2\/tags?post=177349"}],"curies":[{"name":"wp","href":"https:\/\/api.w.org\/{rel}","templated":true}]}}