{"id":177354,"date":"2025-12-06T03:19:21","date_gmt":"2025-12-06T03:19:21","guid":{"rendered":"https:\/\/www.europesays.com\/pt\/177354\/"},"modified":"2025-12-06T03:19:21","modified_gmt":"2025-12-06T03:19:21","slug":"vania-sa-arrasa-fa-apos-boca-sobre-o-enxoval-da-filha-esta-tolinha","status":"publish","type":"post","link":"https:\/\/www.europesays.com\/pt\/177354\/","title":{"rendered":"V\u00e2nia S\u00e1 &#8211; Arrasa f\u00e3 ap\u00f3s boca sobre o enxoval da filha: &#8220;Esta tolinha&#8230;&#8221;"},"content":{"rendered":"<p>Com a chegada da filha Eleonor cada vez mais pr\u00f3xima,<strong> V\u00e2nia S\u00e1<\/strong>\u00a0publicou um v\u00eddeo\u00a0em que surge a montar uma \u00e1rvore de Natal feita\u2026 de pacotes de fraldas e toalhitas. Mas nem todos os coment\u00e1rios foram positivos. Entre as rea\u00e7\u00f5es, surgiu o de uma seguidora que acusou V\u00e2nia <strong>de ter o enxoval da beb\u00e9 totalmente oferecido. <\/strong>A internauta escreveu: <strong>\u201cAssim vale a pena ter filhos, tudo de borla, o enxoval da filha foi todo dado\u201d.<\/strong><\/p>\n<p>A ex-concorrente de reality shows n\u00e3o deixou passar a insinua\u00e7\u00e3o e respondeu, visivelmente indignada: <strong>\u201cEsta tolinha acha que trabalho 20 horas por dia e \u00e9 tudo oferta! Para isso ficava a dormir em casa, a dormir e a descansar\u201d.<\/strong><\/p>\n<p>O epis\u00f3dio n\u00e3o terminou a\u00ed. V\u00e2nia acabou por revelar tamb\u00e9m uma nova mensagem privada enviada pela seguidora:<strong> \u201cF\u00e3s revoltados viram sempre os nossos piores haters! Eu trabalho em gin\u00e1sios e em massagens\u201d<\/strong>, escreveu.<\/p>\n<p><strong>Veja os prints das mensagens no fim da galeria<\/strong><\/p>\n<p>Leia ainda: <a href=\"https:\/\/www.novagente.pt\/casa-dos-segredos-vania-sa-reage-expulsao-de-dylan-producao-fez-de-ti-um-boneco#google_vignette\" rel=\"nofollow noopener\" target=\"_blank\">V\u00e2nia S\u00e1 reage \u00e0 expuls\u00e3o de Dylan: &#8220;A produ\u00e7\u00e3o fez de ti um boneco&#8221;<\/a><\/p>\n<p>Texto: Tiago Miguel Sim\u00f5es; Fotos: DR<\/p>\n<p class=\"intagram-text\">Siga a Nova Gente no Instagram<\/p>\n<p>                        <a href=\"https:\/\/www.instagram.com\/revistanovagente\/\" target=\"_blank\" aria-label=\"instagram\" rel=\"noopener nofollow\"><img decoding=\"async\" style=\"display: block; margin-left: auto; margin-right: auto; width: 250px; height: 83px;\" src=\"https:\/\/www.europesays.com\/pt\/wp-content\/uploads\/2025\/11\/Instagram_NG.png\" alt=\"instagram\"\/><\/a><br \/>\n                    <script async src=\"\/\/www.instagram.com\/embed.js\"><\/script><\/p>\n","protected":false},"excerpt":{"rendered":"Com a chegada da filha Eleonor cada vez mais pr\u00f3xima, V\u00e2nia S\u00e1\u00a0publicou um v\u00eddeo\u00a0em que surge a montar&hellip;\n","protected":false},"author":2,"featured_media":177355,"comment_status":"","ping_status":"","sticky":false,"template":"","format":"standard","meta":{"footnotes":""},"categories":[145],"tags":[2632,211,210,114,115,1870,32,33,36677,13319],"class_list":{"0":"post-177354","1":"post","2":"type-post","3":"status-publish","4":"format-standard","5":"has-post-thumbnail","7":"category-celebridades","8":"tag-casa-dos-segredos","9":"tag-celebridades","10":"tag-celebrities","11":"tag-entertainment","12":"tag-entretenimento","13":"tag-filhos","14":"tag-portugal","15":"tag-pt","16":"tag-seguidora","17":"tag-vania-sa"},"share_on_mastodon":{"url":"https:\/\/pubeurope.com\/@pt\/115670467690244335","error":""},"_links":{"self":[{"href":"https:\/\/www.europesays.com\/pt\/wp-json\/wp\/v2\/posts\/177354","targetHints":{"allow":["GET"]}}],"collection":[{"href":"https:\/\/www.europesays.com\/pt\/wp-json\/wp\/v2\/posts"}],"about":[{"href":"https:\/\/www.europesays.com\/pt\/wp-json\/wp\/v2\/types\/post"}],"author":[{"embeddable":true,"href":"https:\/\/www.europesays.com\/pt\/wp-json\/wp\/v2\/users\/2"}],"replies":[{"embeddable":true,"href":"https:\/\/www.europesays.com\/pt\/wp-json\/wp\/v2\/comments?post=177354"}],"version-history":[{"count":0,"href":"https:\/\/www.europesays.com\/pt\/wp-json\/wp\/v2\/posts\/177354\/revisions"}],"wp:featuredmedia":[{"embeddable":true,"href":"https:\/\/www.europesays.com\/pt\/wp-json\/wp\/v2\/media\/177355"}],"wp:attachment":[{"href":"https:\/\/www.europesays.com\/pt\/wp-json\/wp\/v2\/media?parent=177354"}],"wp:term":[{"taxonomy":"category","embeddable":true,"href":"https:\/\/www.europesays.com\/pt\/wp-json\/wp\/v2\/categories?post=177354"},{"taxonomy":"post_tag","embeddable":true,"href":"https:\/\/www.europesays.com\/pt\/wp-json\/wp\/v2\/tags?post=177354"}],"curies":[{"name":"wp","href":"https:\/\/api.w.org\/{rel}","templated":true}]}}