{"id":177363,"date":"2025-12-06T04:15:19","date_gmt":"2025-12-06T04:15:19","guid":{"rendered":"https:\/\/www.europesays.com\/pt\/177363\/"},"modified":"2025-12-06T04:15:19","modified_gmt":"2025-12-06T04:15:19","slug":"bruna-biancardi-revela-fase-dificil-na-convivencia-com-a-cunhada-rafaella","status":"publish","type":"post","link":"https:\/\/www.europesays.com\/pt\/177363\/","title":{"rendered":"Bruna Biancardi revela fase dif\u00edcil na conviv\u00eancia com a cunhada, Rafaella"},"content":{"rendered":"<p>A influenciadora digital <a href=\"https:\/\/caras.com.br\/tags\/bruna-biancardi\" rel=\"nofollow noopener\" target=\"_blank\"><strong>Bruna Biancardi<\/strong><\/a> confessou que teve uma fase dif\u00edcil na conviv\u00eancia com a cunhada, <a href=\"https:\/\/caras.com.br\/tags\/rafaella\" rel=\"nofollow noopener\" target=\"_blank\"><strong>Rafaella<\/strong><\/a>, irm\u00e3 de <a href=\"https:\/\/caras.com.br\/tags\/neymar-jr\" rel=\"nofollow noopener\" target=\"_blank\"><strong>Neymar Jr<\/strong><\/a>. Nesta sexta-feira, 5, ela lan\u00e7ou um v\u00eddeo ao lado da cunhada para mostrar que a rela\u00e7\u00e3o delas est\u00e1 muito bem hoje em dia, mas nem sempre foi assim.<\/p>\n<p>Enquanto preparavam uma receita de sobremesa para o Natal, as duas conversaram sobre a vida e Bruna entregou que Rafaella \u00e9 muito ciumenta com o irm\u00e3o. Tanto que ela sofreu com o ci\u00fames da cunhada quando come\u00e7ou a namorar com Neymar.<\/p>\n<p>\u201cEla morre de ci\u00fames dele. No come\u00e7o, foi dif\u00edcil para mim\u201d, disse ela, entre risadas. Ent\u00e3o, Rafaella confessou que pegou no p\u00e9 da nova cunhada. \u201cFoi dif\u00edcil. Agora eu sei dividir. Hoje eu j\u00e1 estou mais tranquila, n\u00e9\u201d, afirmou, tamb\u00e9m dando risada.<\/p>\n<p>Vale lembrar que, no passado, os rumores na imprensa j\u00e1 diziam que a conviv\u00eancia delas era dif\u00edcil e n\u00e3o eram muito pr\u00f3ximas. Nos \u00faltimos anos, as duas se aproximaram durante o conv\u00edvio familiar.<\/p>\n<p>\t Elogios <\/p>\n<p>Bruna Biancardi tamb\u00e9m fez v\u00e1rios elogios para Rafaella ao gravar com ela para seu projeto de influencer no Instagram. \u201cMinha convidada de hoje \u00e9 muito especial. Ela \u00e9 super divertida, uma anfitri\u00e3 de primeira, tia coruja e minha cunhada\u201d, disse ela, e completou sobre um talento da cunhada.<\/p>\n<p>A influencer contou que Rafa \u00e9 \u00f3tima em preparar decora\u00e7\u00f5es. \u201cEla tem um senso est\u00e9tico de decora\u00e7\u00e3o, e organizar festas, que eu j\u00e1 falei para ela por que n\u00e3o abre uma empresa? Ela \u00e9 muito boa\u201d, afirmou.<\/p>\n<p> Casamento com Gabigol <\/p>\n<p>Hoje em dia, Rafaella namora com o jogador de futebol Gabigol e os dois moram juntos em Belo Horizonte, Minas Gerais. Inclusive, ela quer se casar e ter filhos. \u201c\u00c9 aquela vida de casada que eu nunca imaginei que ia ter. Estou aprendendo. A gente come\u00e7a a conhecer um ao outro. E nosso relacionamento hoje est\u00e1 outra coisa. Maravilhosamente bem\u201d, disse ela, e completou: \u201cMeu sonho \u00e9 ter filhos. Eu quero. Quero muito casar\u201d.<\/p>\n<p>Rafaella ainda comentou o motivo para ter reduzido sua frequ\u00eancia de posts nas redes sociais. \u201cHoje as pessoas s\u00e3o muito maldosas. As pessoas ficam deduzindo uma coisa que n\u00e3o \u00e9 nada a ver\u201d, afirmou.<\/p>\n<blockquote class=\"instagram-media\" style=\"background: #FFF; border: 0; border-radius: 3px; box-shadow: 0 0 1px 0 rgba(0,0,0,0.5),0 1px 10px 0 rgba(0,0,0,0.15); margin: 1px; max-width: 540px; min-width: 326px; padding: 0; width: calc(100% - 2px);\" data-instgrm-captioned=\"\" data-instgrm-permalink=\"https:\/\/www.instagram.com\/reel\/DR5VBuvkcbB\/?utm_source=ig_embed&amp;utm_campaign=loading\" data-instgrm-version=\"14\"><\/blockquote>\n<p><strong>Leia tamb\u00e9m:<\/strong> <a href=\"https:\/\/caras.com.br\/esporte\/mavie-esbanja-fofura-ao-cantar-musica-da-torcida-para-o-pai-neymar-jr.phtml\" rel=\"nofollow noopener\" target=\"_blank\">Mavie esbanja fofura ao cantar m\u00fasica da torcida para o pai, Neymar Jr<\/a><\/p>\n<p>        <a href=\"https:\/\/caras.com.br\/autor\/priscilla-comoti\" rel=\"nofollow noopener\" target=\"_blank\">&#13;<br \/>\n          <img loading=\"lazy\" alt=\"Priscilla Comoti\" src=\"https:\/\/www.europesays.com\/pt\/wp-content\/uploads\/2025\/12\/1764994519_144_e53883bdf02c542f6517b68879e8cb08b27a1d55c4dfd53577e47d3ab6331a06\"  class=\"avatar avatar-115 photo rounded-circle mr-3\" height=\"115\" width=\"115\" decoding=\"async\"\/>        <\/a><\/p>\n<p>Priscilla Comoti \u00e9 editora de conte\u00fado do site CARAS. Ela \u00e9 formada em jornalismo e em audiovisual, j\u00e1 passou pelos sites Contigo!, Minha Novela, TiTiTi, Mais Novela e Portal M\u00e1rcia Piovesan. Escreve sobre celebridades, not\u00edcias sobre a fam\u00edlia real brit\u00e2nica, TV, reality show e novelas.<\/p>\n<p>\t                                            <script async src=\"\/\/www.instagram.com\/embed.js\"><\/script><\/p>\n","protected":false},"excerpt":{"rendered":"A influenciadora digital Bruna Biancardi confessou que teve uma fase dif\u00edcil na conviv\u00eancia com a cunhada, Rafaella, irm\u00e3&hellip;\n","protected":false},"author":2,"featured_media":177364,"comment_status":"","ping_status":"","sticky":false,"template":"","format":"standard","meta":{"footnotes":""},"categories":[145],"tags":[4290,211,210,36678,114,115,36679,32,33,16051],"class_list":{"0":"post-177363","1":"post","2":"type-post","3":"status-publish","4":"format-standard","5":"has-post-thumbnail","7":"category-celebridades","8":"tag-bruna-biancardi","9":"tag-celebridades","10":"tag-celebrities","11":"tag-cunhada","12":"tag-entertainment","13":"tag-entretenimento","14":"tag-irma-de-neymar-jr","15":"tag-portugal","16":"tag-pt","17":"tag-rafaella"},"share_on_mastodon":{"url":"https:\/\/pubeurope.com\/@pt\/115670687876165942","error":""},"_links":{"self":[{"href":"https:\/\/www.europesays.com\/pt\/wp-json\/wp\/v2\/posts\/177363","targetHints":{"allow":["GET"]}}],"collection":[{"href":"https:\/\/www.europesays.com\/pt\/wp-json\/wp\/v2\/posts"}],"about":[{"href":"https:\/\/www.europesays.com\/pt\/wp-json\/wp\/v2\/types\/post"}],"author":[{"embeddable":true,"href":"https:\/\/www.europesays.com\/pt\/wp-json\/wp\/v2\/users\/2"}],"replies":[{"embeddable":true,"href":"https:\/\/www.europesays.com\/pt\/wp-json\/wp\/v2\/comments?post=177363"}],"version-history":[{"count":0,"href":"https:\/\/www.europesays.com\/pt\/wp-json\/wp\/v2\/posts\/177363\/revisions"}],"wp:featuredmedia":[{"embeddable":true,"href":"https:\/\/www.europesays.com\/pt\/wp-json\/wp\/v2\/media\/177364"}],"wp:attachment":[{"href":"https:\/\/www.europesays.com\/pt\/wp-json\/wp\/v2\/media?parent=177363"}],"wp:term":[{"taxonomy":"category","embeddable":true,"href":"https:\/\/www.europesays.com\/pt\/wp-json\/wp\/v2\/categories?post=177363"},{"taxonomy":"post_tag","embeddable":true,"href":"https:\/\/www.europesays.com\/pt\/wp-json\/wp\/v2\/tags?post=177363"}],"curies":[{"name":"wp","href":"https:\/\/api.w.org\/{rel}","templated":true}]}}