{"id":177365,"date":"2025-12-06T04:27:13","date_gmt":"2025-12-06T04:27:13","guid":{"rendered":"https:\/\/www.europesays.com\/pt\/177365\/"},"modified":"2025-12-06T04:27:13","modified_gmt":"2025-12-06T04:27:13","slug":"doentes-urgentes-com-espera-de-mais-de-16-horas-na-urgencia-geral-do-amadora-sintra","status":"publish","type":"post","link":"https:\/\/www.europesays.com\/pt\/177365\/","title":{"rendered":"Doentes urgentes com espera de mais de 16 horas na urg\u00eancia geral do Amadora-Sintra"},"content":{"rendered":"<p>&#13;<br \/>\nEsta tarde o tempo m\u00e9dio de espera para primeira observa\u00e7\u00e3o de doentes urgentes (pulseira amarela) na urg\u00eancia geral Amadora-Sintra superava as 16 horas a meio.&#13;\n<\/p>\n<p>&#13;<br \/>\nO portal do Servi\u00e7o Nacional de Sa\u00fade indicava que, \u00e0s 16:30, a urg\u00eancia geral do Amadora-Sintra estava com 64 doentes urgentes que tinham de aguardar, no m\u00e1ximo, 16 horas e dez minutos para serem atendidos numa primeira observa\u00e7\u00e3o.&#13;\n<\/p>\n<p>&#13;<br \/>\nNo Hospital Gar\u00e7a de Orta, em Almada, o tempo m\u00e9dio de espera para a primeira observa\u00e7\u00e3o era bastante melhor: tr\u00eas horas e 17 minutos.&#13;<br \/>\nSegundo o sistema de triagem, as situa\u00e7\u00f5es muito &#13;<br \/>\nurgentes (laranja) t\u00eam um atendimento recomendado nos 10 minutos &#13;<br \/>\nseguintes \u00e0 triagem, enquanto os casos urgentes (amarela) s\u00e3o de 60 &#13;<br \/>\nminutos e os pouco urgentes (verdes) de 120 minutos.&#13;\n<\/p>\n<p>&#13;<br \/>\nJ\u00e1 no Beatriz \u00c2ngelo, em Loures, o portal do SNS indicava que os doentes urgentes estavam a aguardar cerca de quatro horas para serem observados uma primeira vez.&#13;\n<\/p>\n<p>&#13;<br \/>\nFim de semana com urg\u00eancias fechadas&#13;<br \/>\n&#13;\n<\/p>\n<p>&#13;<br \/>\nEste s\u00e1bado v\u00e3o estar de portas abertas 132 servi\u00e7os de urg\u00eancia em todo o pa\u00eds, a somar a 28 unidades ao abrigo do projeto-piloto que obriga a contacto pr\u00e9vio para o SNS24.<\/p>\n<p>De acordo com o Portal do Servi\u00e7o Nacional de Sa\u00fade, no\u00a0s\u00e1bado fecham as urg\u00eancias da mesma especialidade nos hospitais de Portim\u00e3o, distrito de Faro, Barreiro, distrito de Set\u00fabal, Set\u00fabal e Braga. No domingo, encerram os servi\u00e7os de urg\u00eancia de ginecologia e obstetr\u00edcia dos hospitais de Portim\u00e3o, Barreiro e Vila Franca de Xira, no distrito de Lisboa.<\/p>\n<p>As urg\u00eancias de obstetr\u00edcia dos hospitais de Braga, Vila Franca de Xira, Aveiro, Santar\u00e9m, S\u00e3o Francisco Xavier, em Lisboa, e Leiria operam, no s\u00e1bado, de forma condicionada. Ou seja, s\u00f3 acolhem casos referenciados pelo CODU\/INEM. No domingo, ficam referenciadas as urg\u00eancias obst\u00e9tricas de Braga, Santar\u00e9m, Aveiro, Leiria e S\u00e3o Francisco Xavier.<\/p>\n<p>Por outro lado, no decurso do fim de semana, as urg\u00eancias de pediatria dos hospitais de Vila Franca de Xira, Esposende, no distrito de Braga, e Beatriz \u00c2ngelo, em Loures, v\u00e3o estar a trabalhar com restri\u00e7\u00f5es, recebendo casos referenciados pelo Instituto Nacional de Emerg\u00eancia M\u00e9dica.<\/p>\n<p>Os constrangimentos ficam, uma vez mais, a dever-se \u00e0 falta de m\u00e9dicos especialistas para garantir as escalas.<\/p>\n<p>As autoridades recomendam que a popula\u00e7\u00e3o contacte previamente a Linha SNS24 (808 24 24 24), antes da desloca\u00e7\u00e3o a urg\u00eancias.&#13;\n<\/p>\n<p>&#13;<br \/>\nc\/ Lusa&#13;<\/p>\n","protected":false},"excerpt":{"rendered":"&#13; Esta tarde o tempo m\u00e9dio de espera para primeira observa\u00e7\u00e3o de doentes urgentes (pulseira amarela) na urg\u00eancia&hellip;\n","protected":false},"author":2,"featured_media":177366,"comment_status":"","ping_status":"","sticky":false,"template":"","format":"standard","meta":{"footnotes":""},"categories":[10],"tags":[2489,15877,27,28,15,16,36680,14,25,26,21,22,12,13,19,20,987,32,23,24,33,17,18,29,30,31],"class_list":{"0":"post-177365","1":"post","2":"type-post","3":"status-publish","4":"format-standard","5":"has-post-thumbnail","7":"category-portugal","8":"tag-amadora-sintra","9":"tag-beatriz-angelo","10":"tag-breaking-news","11":"tag-breakingnews","12":"tag-featured-news","13":"tag-featurednews","14":"tag-garca-orta","15":"tag-headlines","16":"tag-latest-news","17":"tag-latestnews","18":"tag-main-news","19":"tag-mainnews","20":"tag-news","21":"tag-noticias","22":"tag-noticias-principais","23":"tag-noticiasprincipais","24":"tag-portal","25":"tag-portugal","26":"tag-principais-noticias","27":"tag-principaisnoticias","28":"tag-pt","29":"tag-top-stories","30":"tag-topstories","31":"tag-ultimas","32":"tag-ultimas-noticias","33":"tag-ultimasnoticias"},"share_on_mastodon":{"url":"https:\/\/pubeurope.com\/@pt\/115670734767283178","error":""},"_links":{"self":[{"href":"https:\/\/www.europesays.com\/pt\/wp-json\/wp\/v2\/posts\/177365","targetHints":{"allow":["GET"]}}],"collection":[{"href":"https:\/\/www.europesays.com\/pt\/wp-json\/wp\/v2\/posts"}],"about":[{"href":"https:\/\/www.europesays.com\/pt\/wp-json\/wp\/v2\/types\/post"}],"author":[{"embeddable":true,"href":"https:\/\/www.europesays.com\/pt\/wp-json\/wp\/v2\/users\/2"}],"replies":[{"embeddable":true,"href":"https:\/\/www.europesays.com\/pt\/wp-json\/wp\/v2\/comments?post=177365"}],"version-history":[{"count":0,"href":"https:\/\/www.europesays.com\/pt\/wp-json\/wp\/v2\/posts\/177365\/revisions"}],"wp:featuredmedia":[{"embeddable":true,"href":"https:\/\/www.europesays.com\/pt\/wp-json\/wp\/v2\/media\/177366"}],"wp:attachment":[{"href":"https:\/\/www.europesays.com\/pt\/wp-json\/wp\/v2\/media?parent=177365"}],"wp:term":[{"taxonomy":"category","embeddable":true,"href":"https:\/\/www.europesays.com\/pt\/wp-json\/wp\/v2\/categories?post=177365"},{"taxonomy":"post_tag","embeddable":true,"href":"https:\/\/www.europesays.com\/pt\/wp-json\/wp\/v2\/tags?post=177365"}],"curies":[{"name":"wp","href":"https:\/\/api.w.org\/{rel}","templated":true}]}}