{"id":177369,"date":"2025-12-06T04:32:08","date_gmt":"2025-12-06T04:32:08","guid":{"rendered":"https:\/\/www.europesays.com\/pt\/177369\/"},"modified":"2025-12-06T04:32:08","modified_gmt":"2025-12-06T04:32:08","slug":"liliana-carrega-no-botao-dos-segredos-com-teoria-insolita-e-fabio-passa-vergonha-secret-story","status":"publish","type":"post","link":"https:\/\/www.europesays.com\/pt\/177369\/","title":{"rendered":"Liliana carrega no bot\u00e3o dos segredos com teoria ins\u00f3lita e F\u00e1bio passa vergonha &#8211; Secret Story"},"content":{"rendered":"<p>No <strong>Secret Story 9<\/strong>, durante o Especial com Nuno Eir\u00f3, os concorrentes foram surpreendidos por um buzz gr\u00e1tis. Todos foram a correr para o confession\u00e1rio, mas foi Liliana a primeira a chegar. Esta decide apostar num segredo em comum de Pedro Jorge e Marisa: \u00abSomos irm\u00e3os\u00bb. O que n\u00e3o esperava, \u00e9 que todos ficaram a rir com esta teoria, incluindo F\u00e1bio. Saiba o porqu\u00ea.<\/p>\n<p>Recorde que o segredo de\u00a0Pedro Jorge \u00e9 <strong>\u00aba m\u00e3e dos meus filhos est\u00e1 na casa\u00bb\u00a0<\/strong>e o de Marisa \u00e9 <strong>\u00abo meu marido est\u00e1 na casa\u00bb<\/strong>.<\/p>\n<p><strong>Esta semana, quatro concorrentes est\u00e3o nomeados e em risco de expuls\u00e3o. Pode votar na APP oficial do TVI reality ou atrav\u00e9s das linhas telef\u00f3nicas.<\/strong><\/p>\n<p><strong>VOTE PARA SALVAR:<\/strong><\/p>\n<p><strong>BRUNA \u00a0\u2013 \u00a0761 20 20 03<br \/>LILIANA \u00a0\u2013 \u00a0761 20 20 14<br \/>MARISA \u00a0\u2013 \u00a0761 20 20 16<br \/>PEDRO \u00a0\u2013 \u00a0761 20 20 18<\/strong><\/p>\n<p><strong><a href=\"https:\/\/tvi.iol.pt\/secretstory\/aominuto\" wbo-id=\"32\" rel=\"nofollow noopener\" target=\"_blank\">Acompanhe aqui tudo o que se passa no Secret Story 9<\/a><\/strong><\/p>\n","protected":false},"excerpt":{"rendered":"No Secret Story 9, durante o Especial com Nuno Eir\u00f3, os concorrentes foram surpreendidos por um buzz gr\u00e1tis.&hellip;\n","protected":false},"author":2,"featured_media":177370,"comment_status":"","ping_status":"","sticky":false,"template":"","format":"standard","meta":{"footnotes":""},"categories":[142],"tags":[114,115,19082,19033,19016,19034,32,33,151,19032],"class_list":{"0":"post-177369","1":"post","2":"type-post","3":"status-publish","4":"format-standard","5":"has-post-thumbnail","7":"category-tv","8":"tag-entertainment","9":"tag-entretenimento","10":"tag-fabio","11":"tag-galas-em-video","12":"tag-liliana","13":"tag-melhores-momentos-casa-dos-segredos","14":"tag-portugal","15":"tag-pt","16":"tag-tv","17":"tag-videos-secret-story-tvi"},"share_on_mastodon":{"url":"https:\/\/pubeurope.com\/@pt\/115670754438265259","error":""},"_links":{"self":[{"href":"https:\/\/www.europesays.com\/pt\/wp-json\/wp\/v2\/posts\/177369","targetHints":{"allow":["GET"]}}],"collection":[{"href":"https:\/\/www.europesays.com\/pt\/wp-json\/wp\/v2\/posts"}],"about":[{"href":"https:\/\/www.europesays.com\/pt\/wp-json\/wp\/v2\/types\/post"}],"author":[{"embeddable":true,"href":"https:\/\/www.europesays.com\/pt\/wp-json\/wp\/v2\/users\/2"}],"replies":[{"embeddable":true,"href":"https:\/\/www.europesays.com\/pt\/wp-json\/wp\/v2\/comments?post=177369"}],"version-history":[{"count":0,"href":"https:\/\/www.europesays.com\/pt\/wp-json\/wp\/v2\/posts\/177369\/revisions"}],"wp:featuredmedia":[{"embeddable":true,"href":"https:\/\/www.europesays.com\/pt\/wp-json\/wp\/v2\/media\/177370"}],"wp:attachment":[{"href":"https:\/\/www.europesays.com\/pt\/wp-json\/wp\/v2\/media?parent=177369"}],"wp:term":[{"taxonomy":"category","embeddable":true,"href":"https:\/\/www.europesays.com\/pt\/wp-json\/wp\/v2\/categories?post=177369"},{"taxonomy":"post_tag","embeddable":true,"href":"https:\/\/www.europesays.com\/pt\/wp-json\/wp\/v2\/tags?post=177369"}],"curies":[{"name":"wp","href":"https:\/\/api.w.org\/{rel}","templated":true}]}}