{"id":177374,"date":"2025-12-06T04:46:13","date_gmt":"2025-12-06T04:46:13","guid":{"rendered":"https:\/\/www.europesays.com\/pt\/177374\/"},"modified":"2025-12-06T04:46:13","modified_gmt":"2025-12-06T04:46:13","slug":"choque-liliana-conta-pormenores-da-sua-vida-financeira-e-surpreende-tudo-e-todos-noticias-de-hoje","status":"publish","type":"post","link":"https:\/\/www.europesays.com\/pt\/177374\/","title":{"rendered":"Choque: Liliana conta pormenores da sua vida financeira e surpreende tudo e todos &#8211; Not\u00edcias de hoje"},"content":{"rendered":"<p>No <strong>Secret Story 9<\/strong>, durante o Especial com Nuno Eir\u00f3, os concorrentes foram surpreendidos por um buzz gr\u00e1tis. Todos foram a correr para o confession\u00e1rio, mas foi Liliana a primeira a chegar. Esta decide apostar num segredo em comum de Pedro Jorge e Marisa: \u00abSomos irm\u00e3os\u00bb. O que n\u00e3o esperava, \u00e9 que todos ficaram a rir com esta teoria, incluindo F\u00e1bio. Saiba o porqu\u00ea.<\/p>\n","protected":false},"excerpt":{"rendered":"No Secret Story 9, durante o Especial com Nuno Eir\u00f3, os concorrentes foram surpreendidos por um buzz gr\u00e1tis.&hellip;\n","protected":false},"author":2,"featured_media":177375,"comment_status":"","ping_status":"","sticky":false,"template":"","format":"standard","meta":{"footnotes":""},"categories":[142],"tags":[114,115,488,19016,13,32,33,151],"class_list":{"0":"post-177374","1":"post","2":"type-post","3":"status-publish","4":"format-standard","5":"has-post-thumbnail","7":"category-tv","8":"tag-entertainment","9":"tag-entretenimento","10":"tag-iol","11":"tag-liliana","12":"tag-noticias","13":"tag-portugal","14":"tag-pt","15":"tag-tv"},"share_on_mastodon":{"url":"https:\/\/pubeurope.com\/@pt\/115670809496604607","error":""},"_links":{"self":[{"href":"https:\/\/www.europesays.com\/pt\/wp-json\/wp\/v2\/posts\/177374","targetHints":{"allow":["GET"]}}],"collection":[{"href":"https:\/\/www.europesays.com\/pt\/wp-json\/wp\/v2\/posts"}],"about":[{"href":"https:\/\/www.europesays.com\/pt\/wp-json\/wp\/v2\/types\/post"}],"author":[{"embeddable":true,"href":"https:\/\/www.europesays.com\/pt\/wp-json\/wp\/v2\/users\/2"}],"replies":[{"embeddable":true,"href":"https:\/\/www.europesays.com\/pt\/wp-json\/wp\/v2\/comments?post=177374"}],"version-history":[{"count":0,"href":"https:\/\/www.europesays.com\/pt\/wp-json\/wp\/v2\/posts\/177374\/revisions"}],"wp:featuredmedia":[{"embeddable":true,"href":"https:\/\/www.europesays.com\/pt\/wp-json\/wp\/v2\/media\/177375"}],"wp:attachment":[{"href":"https:\/\/www.europesays.com\/pt\/wp-json\/wp\/v2\/media?parent=177374"}],"wp:term":[{"taxonomy":"category","embeddable":true,"href":"https:\/\/www.europesays.com\/pt\/wp-json\/wp\/v2\/categories?post=177374"},{"taxonomy":"post_tag","embeddable":true,"href":"https:\/\/www.europesays.com\/pt\/wp-json\/wp\/v2\/tags?post=177374"}],"curies":[{"name":"wp","href":"https:\/\/api.w.org\/{rel}","templated":true}]}}