{"id":177376,"date":"2025-12-06T04:58:14","date_gmt":"2025-12-06T04:58:14","guid":{"rendered":"https:\/\/www.europesays.com\/pt\/177376\/"},"modified":"2025-12-06T04:58:14","modified_gmt":"2025-12-06T04:58:14","slug":"quem-e-o-cantor-eleito-o-mais-rico-do-mundo-que-tem-uma-mansao-de-r-540-milhoes","status":"publish","type":"post","link":"https:\/\/www.europesays.com\/pt\/177376\/","title":{"rendered":"Quem \u00e9 o cantor eleito o mais rico do mundo que tem uma mans\u00e3o de R$ 540 milh\u00f5es"},"content":{"rendered":"<p>                        <img width=\"944\" height=\"531\" src=\"https:\/\/www.europesays.com\/pt\/wp-content\/uploads\/2025\/12\/Quem-e-o-cantor-eleito-o-mais-rico-do-mundo-que-tem-uma-mansao-de-R-540-milhoes-944x531.jpg\" class=\"attachment-custom-large size-custom-large article-featured-image\" alt=\"Jayz e Beyonce\" fetchpriority=\"high\" decoding=\"async\"  \/><\/p>\n<p>Mesmo sem turn\u00eas ou lan\u00e7amentos constantes, Jay-Z construiu um imp\u00e9rio bilion\u00e1rio (Foto: Reprodu\u00e7\u00e3o)<\/p>\n<p><strong>Jay-Z<\/strong> vive o auge de sua fortuna e seu estilo de luxo silencioso ao lado de <strong>Beyonc\u00e9<\/strong>. O rapper e empres\u00e1rio, nascido Shawn Carter, foi eleito pela Forbes o m\u00fasico mais rico do planeta, com patrim\u00f4nio estimado em <strong>US$ 2,5 bilh\u00f5es <\/strong>(R$ 13,6 bilh\u00f5es). O astro mora em uma das resid\u00eancias mais exclusivas dos Estados Unidos: uma mans\u00e3o avaliada em cerca de <strong>US$ 100 milh\u00f5es<\/strong> (R$ 540 milh\u00f5es), em Bel Air, Los Angeles.<\/p>\n<p>Continua depois da publicidade<\/p>\n<p>Mesmo sem turn\u00eas ou lan\u00e7amentos constantes, <strong>Jay-Z<\/strong> construiu um imp\u00e9rio bilion\u00e1rio diversificando neg\u00f3cios. Ele \u00e9 dono da\u00a0Roc Nation, empresa de entretenimento que administra carreiras de grandes nomes da m\u00fasica e do esporte, entre eles, o brasileiro\u00a0<strong>Vin\u00edcius J\u00fanior<\/strong>\u00a0(25).<\/p>\n<p>O rapper tamb\u00e9m \u00e9 <strong>copropriet\u00e1rio <\/strong>de bebidas de luxo, como o champanhe\u00a0Armand de Brignac\u00a0e o conhaque\u00a0D\u2019Uss\u00e9, e lucrou milh\u00f5es com <strong>investimentos precoces<\/strong> em companhias como\u00a0Uber\u00a0e\u00a0Block.<\/p>\n<p>Mas, se o patrim\u00f4nio cresce, a estrat\u00e9gia imobili\u00e1ria do casal n\u00e3o deixa de chamar aten\u00e7\u00e3o. A famosa mans\u00e3o de Bel Air, comprada \u00e0 vista em 2017 por <strong>US$ 88 milh\u00f5es<\/strong> (R$ 479,4 milh\u00f5es), passou a simbolizar discri\u00e7\u00e3o e poder mas tamb\u00e9m custos elevados.<\/p>\n<p>Continua depois da publicidade<\/p>\n<p>Em julho deste ano, jornais internacionais revelaram que <strong>Beyonc\u00e9 <\/strong>e <strong>Jay-Z<\/strong> contra\u00edram uma nova hipoteca de <strong>US$ 57,75 milh\u00f5es<\/strong> (R$ 314,6 milh\u00f5es) sobre o im\u00f3vel, com contrato firmado junto ao\u00a0privatebanking\u00a0do Morgan Stanley. A resid\u00eancia j\u00e1 tinha um empr\u00e9stimo anterior, refinanciado anos depois com o Goldman Sachs.<\/p>\n<p>Conhe\u00e7a as pol\u00eamicas envolvendo Jay-Z1<\/p>\n<p>VoltarAvan\u00e7ar<\/p>\n<p><img loading=\"lazy\" decoding=\"async\" width=\"1200\" height=\"675\" data-id=\"7366806\" src=\"https:\/\/www.europesays.com\/pt\/wp-content\/uploads\/2025\/12\/jay-z.jpg\" alt=\"\" class=\"wp-image-7366806\"  \/><\/p>\n<p>Jay-Z foi acusado de estupro em 1999 por Cathy White, mas a acusa\u00e7\u00e3o n\u00e3o resultou em um processo formal ou julgamento\u200b. (Fotos: Reprodu\u00e7\u00e3o)<\/p>\n<p><img loading=\"lazy\" decoding=\"async\" width=\"1200\" height=\"675\" data-id=\"7366817\" src=\"https:\/\/www.europesays.com\/pt\/wp-content\/uploads\/2025\/12\/jay-z-1-1.jpg\" alt=\"\" class=\"wp-image-7366817\"  \/><\/p>\n<p>Em 1999, Jay-Z se declarou culpado por esfaquear o produtor Lance Rivera ap\u00f3s um desentendimento no lan\u00e7amento de um \u00e1lbum, resultando em liberdade condicional\u200b. (Fotos: Reprodu\u00e7\u00e3o)<\/p>\n<p><img loading=\"lazy\" decoding=\"async\" width=\"1200\" height=\"675\" data-id=\"7366819\" src=\"https:\/\/www.europesays.com\/pt\/wp-content\/uploads\/2025\/12\/jay-z-2.jpg\" alt=\"\" class=\"wp-image-7366819\"  \/><\/p>\n<p>O rapper admitiu publicamente em 2017 ter tra\u00eddo Beyonc\u00e9, algo abordado em seu \u00e1lbum 4:44, onde se desculpou pela infidelidade. (Foto: Reprodu\u00e7\u00e3o)<\/p>\n<p><img loading=\"lazy\" decoding=\"async\" width=\"1200\" height=\"675\" data-id=\"7366829\" src=\"https:\/\/www.europesays.com\/pt\/wp-content\/uploads\/2025\/12\/jay-z-3.jpg\" alt=\"\" class=\"wp-image-7366829\"  \/><\/p>\n<p>Jay-Z falou abertamente sobre seu passado como traficante de drogas, o que influenciou suas m\u00fasicas e a vis\u00e3o de neg\u00f3cios que desenvolveu ao longo de sua carreira. (Foto: Reprodu\u00e7\u00e3o)<\/p>\n<p><img loading=\"lazy\" decoding=\"async\" width=\"1200\" height=\"675\" data-id=\"7366831\" src=\"https:\/\/www.europesays.com\/pt\/wp-content\/uploads\/2025\/12\/jay-z-4.jpg\" alt=\"\" class=\"wp-image-7366831\"  \/><\/p>\n<p>O 40\/40 Club, empreendimento financeiro de Jay-Z, enfrentou acusa\u00e7\u00f5es de problemas financeiros, incluindo cheques sem fundo e n\u00e3o pagamento de fornecedores. (Foto: Reprodu\u00e7\u00e3o)<\/p>\n<p>Voc\u00ea vai querer ler sobre: <a href=\"https:\/\/www.nsctotal.com.br\/noticias\/conheca-o-mito-do-minotauro-que-virou-patrimonio-mundial-da-unesco\" target=\"_blank\" rel=\"noreferrer noopener nofollow\"><strong>Conhe\u00e7a o mito do Minotauro que virou Patrim\u00f4nio Mundial da Unesco<\/strong><\/a><\/p>\n<p>*Sob supervis\u00e3o de Pablo Brito<\/p>\n","protected":false},"excerpt":{"rendered":"Mesmo sem turn\u00eas ou lan\u00e7amentos constantes, Jay-Z construiu um imp\u00e9rio bilion\u00e1rio (Foto: Reprodu\u00e7\u00e3o) Jay-Z vive o auge de&hellip;\n","protected":false},"author":2,"featured_media":177377,"comment_status":"","ping_status":"","sticky":false,"template":"","format":"standard","meta":{"footnotes":""},"categories":[145],"tags":[211,210,114,115,32,33,794],"class_list":{"0":"post-177376","1":"post","2":"type-post","3":"status-publish","4":"format-standard","5":"has-post-thumbnail","7":"category-celebridades","8":"tag-celebridades","9":"tag-celebrities","10":"tag-entertainment","11":"tag-entretenimento","12":"tag-portugal","13":"tag-pt","14":"tag-voce-viu"},"share_on_mastodon":{"url":"https:\/\/pubeurope.com\/@pt\/115670857422558830","error":""},"_links":{"self":[{"href":"https:\/\/www.europesays.com\/pt\/wp-json\/wp\/v2\/posts\/177376","targetHints":{"allow":["GET"]}}],"collection":[{"href":"https:\/\/www.europesays.com\/pt\/wp-json\/wp\/v2\/posts"}],"about":[{"href":"https:\/\/www.europesays.com\/pt\/wp-json\/wp\/v2\/types\/post"}],"author":[{"embeddable":true,"href":"https:\/\/www.europesays.com\/pt\/wp-json\/wp\/v2\/users\/2"}],"replies":[{"embeddable":true,"href":"https:\/\/www.europesays.com\/pt\/wp-json\/wp\/v2\/comments?post=177376"}],"version-history":[{"count":0,"href":"https:\/\/www.europesays.com\/pt\/wp-json\/wp\/v2\/posts\/177376\/revisions"}],"wp:featuredmedia":[{"embeddable":true,"href":"https:\/\/www.europesays.com\/pt\/wp-json\/wp\/v2\/media\/177377"}],"wp:attachment":[{"href":"https:\/\/www.europesays.com\/pt\/wp-json\/wp\/v2\/media?parent=177376"}],"wp:term":[{"taxonomy":"category","embeddable":true,"href":"https:\/\/www.europesays.com\/pt\/wp-json\/wp\/v2\/categories?post=177376"},{"taxonomy":"post_tag","embeddable":true,"href":"https:\/\/www.europesays.com\/pt\/wp-json\/wp\/v2\/tags?post=177376"}],"curies":[{"name":"wp","href":"https:\/\/api.w.org\/{rel}","templated":true}]}}