{"id":177390,"date":"2025-12-06T05:43:16","date_gmt":"2025-12-06T05:43:16","guid":{"rendered":"https:\/\/www.europesays.com\/pt\/177390\/"},"modified":"2025-12-06T05:43:16","modified_gmt":"2025-12-06T05:43:16","slug":"terra-forte-sem-medos-rosinha-enfrenta-maria-de-fatima-tvi-player","status":"publish","type":"post","link":"https:\/\/www.europesays.com\/pt\/177390\/","title":{"rendered":"Terra Forte: Sem medos, Rosinha enfrenta Maria de F\u00e1tima &#8211; TVI Player"},"content":{"rendered":"<ol>\n<li><a href=\"https:\/\/news.google.com\/rss\/articles\/CBMijgFBVV95cUxQRDFIMlRITlVOWEZVRFpqX1F6dlExQkE2Yk5VRjJPclo1bThSMDB5bllzOE9EX3BlWTZYdHlSOU1RamtpcXFHNEhZNmVLVW9CNlpjRmQyVUVYVjJiZXJ6Y2tqakctQzAyd1V0UkwtWVp3VWNxWDExUHlPSG14Qm8zeWxoTVZLVWhzLWY4N0R3?oc=5\" target=\"_blank\" rel=\"nofollow noopener\">Terra Forte: Sem medos, Rosinha enfrenta Maria de F\u00e1tima<\/a>&nbsp;&nbsp;TVI Player<\/li>\n<li><a href=\"https:\/\/news.google.com\/rss\/articles\/CBMikwFBVV95cUxNc0FGbUs5ejVMS0lKYzNibnhwMVlfcnBZdmd2V1lRTU8zTjJxQVY5cEFtLVN5ek1yUEhGdTZFSVZXNmV3Y2tPZmZRTEJVOHJ3MExzdVpuM2pCQVNXbDVEZUg3b0JFaWo1YUlBRTdBVGRVQVY4RmdFb3NsMXdmOTlvYzJuM3lDQUdTQlFZdGI2bHQ2em8?oc=5\" target=\"_blank\" rel=\"nofollow noopener\">Vivi v\u00ea a pr\u00f3pria \u201cmorte\u201d e descobre trai\u00e7\u00e3o em Terra Forte<\/a>&nbsp;&nbsp;A Televis\u00e3o<\/li>\n<li><a href=\"https:\/\/news.google.com\/rss\/articles\/CBMioAFBVV95cUxNZlpVaU5McFVtSXplWDdVbGpYclRlMGJiTHlXd2p0SVBVenRZbndiLTFIZmpGM1FqOXpuaWU1cjlLMkJTTkYyNG1wNDBPVExsLUMzQ0VncVhDRUtrQUhJQW9rTF9ER25iQ3ZBN2ZIX1JnWTZiNFNlZC1ZNjFhUTdmc3BXWWcySl85NVptSlQtMWh6UGFqV3lkdnYzNDg2LU9U?oc=5\" target=\"_blank\" rel=\"nofollow noopener\">Terra Forte: Vivi est\u00e1 desaparecida e pode ter morrido!<\/a>&nbsp;&nbsp;Maria.pt<\/li>\n<li><a href=\"https:\/\/news.google.com\/rss\/articles\/CBMivwFBVV95cUxOX3JtMnVuNjJORFpUOWtyRGVoWnR4dXF4cEdQWEhKVFN2QmdtanlCSGJvT0lPY2t0ZXNmZWhVT19fY19YWXlxSnBEbUZ4d1pUXzNULXFSZnFiMHJMQlNwY3RadFh0RG5fU1RycjBKcnFyWWlHM29hcEJyYU5Td1kzSGxQaFQyMjdIaVNtb1pGUDlrczRtTWxpd05Va2xTNDdUazRpY2JUNnNYUWktckd0SjJuaG5MN2ZQOXZZdi1FYw?oc=5\" target=\"_blank\" rel=\"nofollow noopener\">Terra Forte- Sammy acusa a mulher: \u00abFoste providenciar um acidente\u00bb<\/a>&nbsp;&nbsp;TVI<\/li>\n<li><a href=\"https:\/\/news.google.com\/rss\/articles\/CBMiwgFBVV95cUxPRl9GWWViQ0hXX0JwNl9ZcjhCRERLYTZRcl9JVXBaRmJNaDlOYkp0ek1Qb1BfQUFjU3BPRHBSX2I3aEUzcl91STRfRzN1ZGItN2dNOUZWS3poanAydDRrNkFWZm9Cd1FhQzJ1TmhJUWVibWtVdHc1Tkt2c0NhVmFZQWRwVUpZZXJnSTJ3WmtNSTA4LUlQWktFMDc5QTJNRW1EeFRHcDc2Mm9ac1g2YkdRWjBXS2t2S19MZ01FSGdHbFNmdw?oc=5\" target=\"_blank\" rel=\"nofollow noopener\">Vem a\u00ed em \u00abTerra Forte\u00bb: Vivi est\u00e1 arrependida da sua decis\u00e3o radical?<\/a>&nbsp;&nbsp;TVI<\/li>\n<\/ol>\n","protected":false},"excerpt":{"rendered":"Terra Forte: Sem medos, Rosinha enfrenta Maria de F\u00e1tima&nbsp;&nbsp;TVI Player Vivi v\u00ea a pr\u00f3pria \u201cmorte\u201d e descobre trai\u00e7\u00e3o&hellip;\n","protected":false},"author":2,"featured_media":177391,"comment_status":"","ping_status":"","sticky":false,"template":"","format":"standard","meta":{"footnotes":""},"categories":[142],"tags":[114,115,32,33,18614,151],"class_list":{"0":"post-177390","1":"post","2":"type-post","3":"status-publish","4":"format-standard","5":"has-post-thumbnail","7":"category-tv","8":"tag-entertainment","9":"tag-entretenimento","10":"tag-portugal","11":"tag-pt","12":"tag-terra-forte","13":"tag-tv"},"share_on_mastodon":{"url":"https:\/\/pubeurope.com\/@pt\/115671033653024414","error":""},"_links":{"self":[{"href":"https:\/\/www.europesays.com\/pt\/wp-json\/wp\/v2\/posts\/177390","targetHints":{"allow":["GET"]}}],"collection":[{"href":"https:\/\/www.europesays.com\/pt\/wp-json\/wp\/v2\/posts"}],"about":[{"href":"https:\/\/www.europesays.com\/pt\/wp-json\/wp\/v2\/types\/post"}],"author":[{"embeddable":true,"href":"https:\/\/www.europesays.com\/pt\/wp-json\/wp\/v2\/users\/2"}],"replies":[{"embeddable":true,"href":"https:\/\/www.europesays.com\/pt\/wp-json\/wp\/v2\/comments?post=177390"}],"version-history":[{"count":0,"href":"https:\/\/www.europesays.com\/pt\/wp-json\/wp\/v2\/posts\/177390\/revisions"}],"wp:featuredmedia":[{"embeddable":true,"href":"https:\/\/www.europesays.com\/pt\/wp-json\/wp\/v2\/media\/177391"}],"wp:attachment":[{"href":"https:\/\/www.europesays.com\/pt\/wp-json\/wp\/v2\/media?parent=177390"}],"wp:term":[{"taxonomy":"category","embeddable":true,"href":"https:\/\/www.europesays.com\/pt\/wp-json\/wp\/v2\/categories?post=177390"},{"taxonomy":"post_tag","embeddable":true,"href":"https:\/\/www.europesays.com\/pt\/wp-json\/wp\/v2\/tags?post=177390"}],"curies":[{"name":"wp","href":"https:\/\/api.w.org\/{rel}","templated":true}]}}