{"id":177426,"date":"2025-12-06T07:07:10","date_gmt":"2025-12-06T07:07:10","guid":{"rendered":"https:\/\/www.europesays.com\/pt\/177426\/"},"modified":"2025-12-06T07:07:10","modified_gmt":"2025-12-06T07:07:10","slug":"segredo-de-pedro-jorge-por-um-fio-um-dos-concorrentes-acerta-e-poe-tudo-em-causa-secret-story","status":"publish","type":"post","link":"https:\/\/www.europesays.com\/pt\/177426\/","title":{"rendered":"Segredo de Pedro Jorge por um fio: Um dos concorrentes acerta e p\u00f5e tudo em causa &#8211; Secret Story"},"content":{"rendered":"<p>O mist\u00e9rio adensa-se na casa do <a href=\"https:\/\/tvi.iol.pt\/secretstory\/\" target=\"_blank\" rel=\"nofollow noopener\"><strong>Secret Story 9<\/strong><\/a>. Surgiram duas novas pistas: duas pulseiras de rec\u00e9m-nascido e uma pequena casa com duas alian\u00e7as entrela\u00e7adas. Objetos suficientes para lan\u00e7ar a confus\u00e3o entre os concorrentes e acender suspeitas inesperadas.<\/p>\n<p>Ana n\u00e3o perdeu tempo e confrontou Pedro Jorge diretamente: <strong>\u00ab\u00c9s da fam\u00edlia da Marisa?\u00bb<\/strong>.\u00a0A rea\u00e7\u00e3o do concorrente n\u00e3o passou despercebida: ficou visivelmente comprometido e evitou responder de forma direta. Depois, no confession\u00e1rio, atirou \u00e0 Voz: <strong>\u00abN\u00e3o me diga que \u00e9 o Pedro o pai dos filhos da Marisa\u00bb<\/strong>.<\/p>\n<p>J\u00e1 Bruna confessou estar cada vez mais baralhada e afastou a hip\u00f3tese de uma rela\u00e7\u00e3o entre os dois, dizendo que nada faz sentido.<\/p>\n<p>Com o ambiente a fervilhar, Pedro, Ana e Marisa acabaram por fazer um pacto: n\u00e3o revelar a mais ningu\u00e9m as pistas que v\u00e3o surgindo, na esperan\u00e7a de atrasar a descoberta dos respetivos segredos, pois s\u00e3o os tr\u00eas que restam na casa.<\/p>\n<p>Veja o momento: <\/p>\n<p><strong>Recorde os segredos:<\/strong><\/p>\n<ul>\n<li><strong>\u00abA m\u00e3e dos meus filhos est\u00e1 na casa\u00bb <\/strong>\u2014 segredo de Pedro;<\/li>\n<li><strong>\u00abO meu marido est\u00e1 na casa\u00bb<\/strong> \u2014 segredo de Marisa;<\/li>\n<li><strong>\u00abNa minha aldeia acreditam que sou um milagre\u00bb <\/strong>\u2014 segredo de Ana.<\/li>\n<\/ul>\n<p>Com novas pistas a aparec\u00ader e suspeitas a multiplicarem-se, o enigma em torno de Pedro Jorge e Marisa promete continuar a alimentar teorias dentro e fora da casa mais vigiada do pa\u00eds.<\/p>\n","protected":false},"excerpt":{"rendered":"O mist\u00e9rio adensa-se na casa do Secret Story 9. Surgiram duas novas pistas: duas pulseiras de rec\u00e9m-nascido e&hellip;\n","protected":false},"author":2,"featured_media":177427,"comment_status":"","ping_status":"","sticky":false,"template":"","format":"standard","meta":{"footnotes":""},"categories":[142],"tags":[8113,6340,2632,329,333,328,335,336,114,115,334,330,1326,338,19184,19019,13,21416,32,33,1315,8174,151,162,19020,227],"class_list":{"0":"post-177426","1":"post","2":"type-post","3":"status-publish","4":"format-standard","5":"has-post-thumbnail","7":"category-tv","8":"tag-alice-alves","9":"tag-ana","10":"tag-casa-dos-segredos","11":"tag-claudio-ramos","12":"tag-comentadores","13":"tag-concorrentes","14":"tag-confrontos","15":"tag-discussoes","16":"tag-entertainment","17":"tag-entretenimento","18":"tag-exclusivos","19":"tag-gala","20":"tag-mafalda-castro","21":"tag-maria-botelho-moniz","22":"tag-marisa","23":"tag-marta-cardoso","24":"tag-noticias","25":"tag-pedro-jorge","26":"tag-portugal","27":"tag-pt","28":"tag-secret-story","29":"tag-segredos","30":"tag-tv","31":"tag-tvi","32":"tag-video-do-dia","33":"tag-videos"},"share_on_mastodon":{"url":"https:\/\/pubeurope.com\/@pt\/115671363913723776","error":""},"_links":{"self":[{"href":"https:\/\/www.europesays.com\/pt\/wp-json\/wp\/v2\/posts\/177426","targetHints":{"allow":["GET"]}}],"collection":[{"href":"https:\/\/www.europesays.com\/pt\/wp-json\/wp\/v2\/posts"}],"about":[{"href":"https:\/\/www.europesays.com\/pt\/wp-json\/wp\/v2\/types\/post"}],"author":[{"embeddable":true,"href":"https:\/\/www.europesays.com\/pt\/wp-json\/wp\/v2\/users\/2"}],"replies":[{"embeddable":true,"href":"https:\/\/www.europesays.com\/pt\/wp-json\/wp\/v2\/comments?post=177426"}],"version-history":[{"count":0,"href":"https:\/\/www.europesays.com\/pt\/wp-json\/wp\/v2\/posts\/177426\/revisions"}],"wp:featuredmedia":[{"embeddable":true,"href":"https:\/\/www.europesays.com\/pt\/wp-json\/wp\/v2\/media\/177427"}],"wp:attachment":[{"href":"https:\/\/www.europesays.com\/pt\/wp-json\/wp\/v2\/media?parent=177426"}],"wp:term":[{"taxonomy":"category","embeddable":true,"href":"https:\/\/www.europesays.com\/pt\/wp-json\/wp\/v2\/categories?post=177426"},{"taxonomy":"post_tag","embeddable":true,"href":"https:\/\/www.europesays.com\/pt\/wp-json\/wp\/v2\/tags?post=177426"}],"curies":[{"name":"wp","href":"https:\/\/api.w.org\/{rel}","templated":true}]}}