{"id":177442,"date":"2025-12-06T07:30:39","date_gmt":"2025-12-06T07:30:39","guid":{"rendered":"https:\/\/www.europesays.com\/pt\/177442\/"},"modified":"2025-12-06T07:30:39","modified_gmt":"2025-12-06T07:30:39","slug":"depressao-davide-vem-ai-um-fim-de-semana-de-chuva-e-agitacao-maritima-forte-meteorologia","status":"publish","type":"post","link":"https:\/\/www.europesays.com\/pt\/177442\/","title":{"rendered":"Depress\u00e3o Davide. Vem a\u00ed um fim-de-semana de chuva e agita\u00e7\u00e3o mar\u00edtima forte | Meteorologia"},"content":{"rendered":"<p>Chuva e nevoeiro tempor\u00e1rio, principalmente a norte e centro, e per\u00edodos de c\u00e9u muito nublado em todo o pa\u00eds. O tempo que se fez sentir nos \u00faltimos dias em Portugal continental dever\u00e1 manter-se nesta sexta-feira e no fim-de-semana, segundo a previs\u00e3o do Instituto Portugu\u00eas do Mar e da Atmosfera (IPMA), por causa da passagem da depress\u00e3o Davide.<\/p>\n<p>O IPMA emitiu aviso amarelo para os distritos de Viseu, Porto, Vila Real, Viana do Castelo, Aveiro e Braga, em especial nas zonas montanhosas, entre as 00h e as 15h de s\u00e1bado, por causa da chuva.<\/p>\n<p>Para esta sexta-feira, o IPMA <a href=\"https:\/\/www.publico.pt\/2025\/12\/04\/azul\/noticia\/portugal-continental-ano-terceiro-novembro-chuvoso-desde-2000-2157070\" rel=\"nofollow noopener\" target=\"_blank\">antev\u00ea per\u00edodos de chuva<\/a>, que ser\u00e1 persistente e por vezes forte no Minho e Douro Litoral a partir do final da tarde, temporariamente com abertas no Baixo Alentejo e Algarve durante a tarde. Tamb\u00e9m neblina ou nevoeiro tempor\u00e1rio, uma pequena subida de temperatura e vento moderado.<\/p>\n<p>As temperaturas m\u00ednimas v\u00e3o oscilar entre os 4\u00baC (na Guarda e em Viseu) e os 14\u00baC (em Sines e Set\u00fabal) e as m\u00e1ximas entre os 11\u00baC na Guarda e os 20\u00baC em Set\u00fabal. Lisboa oscilar\u00e1 entre os 13\u00baC e os 19\u00baC e o Porto entre os 12\u00baC e os 17\u00baC.<\/p>\n<p>O IPMA prev\u00ea tamb\u00e9m agita\u00e7\u00e3o mar\u00edtima forte na costa ocidental. Toda a costa de Portugal continental est\u00e1, ali\u00e1s, com avisos por causa da agita\u00e7\u00e3o mar\u00edtima forte at\u00e9 domingo. O instituto emitiu para os distritos do Porto, Viana do Castelo, Lisboa, Leiria, Aveiro, Coimbra e Braga aviso laranja entre as 12h e as 18h de s\u00e1bado, passando depois a amarelo at\u00e9 \u00e0s 6h de domingo.<\/p>\n<p>Tamb\u00e9m por causa da ondula\u00e7\u00e3o, est\u00e3o sob aviso amarelo os distritos de Faro, Set\u00fabal e Beja at\u00e9 \u00e0s 18h desta sexta-feira e depois entre as 12h de s\u00e1bado e as 3h de domingo. A depress\u00e3o Davide vai provocar at\u00e9 \u00e0 manh\u00e3 de domingo ondas de oeste\/noroeste at\u00e9 5,5 metros de altura significativa.<\/p>\n<p>Devido ao estado do mar, as barras mar\u00edtimas de Caminha, Douro, Esposende, Vila Praia de \u00c2ncora, P\u00f3voa do Varzim, Vila do Conde e Portinho da Ericeira est\u00e3o fechadas a toda a navega\u00e7\u00e3o e as de Aveiro, Viana do Castelo e Figueira da Foz est\u00e3o condicionadas, segundo informa\u00e7\u00e3o divulgada no site da Autoridade Mar\u00edtima Nacional.<\/p>\n<p>Para este s\u00e1bado, a previs\u00e3o \u00e9 de per\u00edodos de chuva, por vezes forte no Minho e Douro Litoral, neblina ou nevoeiro tempor\u00e1rio, e uma pequena subida da temperatura m\u00ednima. O vento estar\u00e1 fraco (Baixo Alentejo e Algarve) a moderado no resto do pa\u00eds, ser\u00e1 forte apenas nas terras altas do Norte e Centro.<\/p>\n<p>As temperaturas m\u00ednimas v\u00e3o oscilar entre os 7\u00baC na Guarda e os 15\u00baC no Porto; as m\u00e1ximas entre os 13\u00baC em Bragan\u00e7a e os 20\u00baC em Santar\u00e9m. Sagres, Faro, Set\u00fabal, Santar\u00e9m e Leiria poder\u00e3o chegar aos 19\u00baC de m\u00e1xima, Castelo Branco, Coimbra, Porto, Braga e Aveiro aos 17\u00baC.<\/p>\n<p>No domingo, a chuva dar\u00e1 tr\u00e9guas, mas apenas no Sul do pa\u00eds, e em especial durante a tarde. O resto do pa\u00eds ter\u00e1 c\u00e9u muito nublado, com vento fraco a moderado, apenas forte nas terras altas das regi\u00f5es Norte e Centro. H\u00e1 previs\u00e3o de neblina ou nevoeiro matinal, em especial na regi\u00e3o Sul, e de uma pequena descida da temperatura m\u00ednima.<\/p>\n<p>As temperaturas v\u00e3o variar entre os 7\u00baC de m\u00ednima na Guarda e os 14\u00baC no Porto e em Aveiro. Quanto \u00e0s m\u00e1ximas, v\u00e3o oscilar entre os 11\u00baC na Guarda e os 19\u00baC em Leiria. Porto, Vila Real, Braga e Viana do Castelo podem chegar aos 16\u00baC de m\u00e1xima. Lisboa, Set\u00fabal, \u00c9vora e Santar\u00e9m aos 17\u00baC.<\/p>\n<p>Os A\u00e7ores ter\u00e3o um fim-de-semana de c\u00e9u muito nublado e chuva, e condi\u00e7\u00f5es favor\u00e1veis \u00e0 ocorr\u00eancia de trovoada. Para este s\u00e1bado, as temperaturas v\u00e3o oscilar entre os 15\u00baC de m\u00ednima (Faial e Flores) e os 21\u00baC no Faial. J\u00e1 a Madeira ter\u00e1 per\u00edodos de aguaceiros fracos e per\u00edodos de muita nebulosidade. As temperaturas, em particular no Funchal, v\u00e3o rondar os 16\u00baC e os 21\u00baC.<\/p>\n<p>        &#13;<\/p>\n<p>&#13;<br \/>\n                &#13;\n            <\/p>\n<p>&#13;<\/p>\n","protected":false},"excerpt":{"rendered":"Chuva e nevoeiro tempor\u00e1rio, principalmente a norte e centro, e per\u00edodos de c\u00e9u muito nublado em todo o&hellip;\n","protected":false},"author":2,"featured_media":177443,"comment_status":"","ping_status":"","sticky":false,"template":"","format":"standard","meta":{"footnotes":""},"categories":[10],"tags":[785,27,28,353,15,16,14,350,25,26,21,22,2219,8532,606,12,13,19,20,32,23,24,33,17,18,29,30,31],"class_list":{"0":"post-177442","1":"post","2":"type-post","3":"status-publish","4":"format-standard","5":"has-post-thumbnail","7":"category-portugal","8":"tag-azul","9":"tag-breaking-news","10":"tag-breakingnews","11":"tag-em-destaque","12":"tag-featured-news","13":"tag-featurednews","14":"tag-headlines","15":"tag-ipma","16":"tag-latest-news","17":"tag-latestnews","18":"tag-main-news","19":"tag-mainnews","20":"tag-mar","21":"tag-mau-tempo","22":"tag-meteorologia","23":"tag-news","24":"tag-noticias","25":"tag-noticias-principais","26":"tag-noticiasprincipais","27":"tag-portugal","28":"tag-principais-noticias","29":"tag-principaisnoticias","30":"tag-pt","31":"tag-top-stories","32":"tag-topstories","33":"tag-ultimas","34":"tag-ultimas-noticias","35":"tag-ultimasnoticias"},"share_on_mastodon":{"url":"https:\/\/pubeurope.com\/@pt\/115671454357831590","error":""},"_links":{"self":[{"href":"https:\/\/www.europesays.com\/pt\/wp-json\/wp\/v2\/posts\/177442","targetHints":{"allow":["GET"]}}],"collection":[{"href":"https:\/\/www.europesays.com\/pt\/wp-json\/wp\/v2\/posts"}],"about":[{"href":"https:\/\/www.europesays.com\/pt\/wp-json\/wp\/v2\/types\/post"}],"author":[{"embeddable":true,"href":"https:\/\/www.europesays.com\/pt\/wp-json\/wp\/v2\/users\/2"}],"replies":[{"embeddable":true,"href":"https:\/\/www.europesays.com\/pt\/wp-json\/wp\/v2\/comments?post=177442"}],"version-history":[{"count":0,"href":"https:\/\/www.europesays.com\/pt\/wp-json\/wp\/v2\/posts\/177442\/revisions"}],"wp:featuredmedia":[{"embeddable":true,"href":"https:\/\/www.europesays.com\/pt\/wp-json\/wp\/v2\/media\/177443"}],"wp:attachment":[{"href":"https:\/\/www.europesays.com\/pt\/wp-json\/wp\/v2\/media?parent=177442"}],"wp:term":[{"taxonomy":"category","embeddable":true,"href":"https:\/\/www.europesays.com\/pt\/wp-json\/wp\/v2\/categories?post=177442"},{"taxonomy":"post_tag","embeddable":true,"href":"https:\/\/www.europesays.com\/pt\/wp-json\/wp\/v2\/tags?post=177442"}],"curies":[{"name":"wp","href":"https:\/\/api.w.org\/{rel}","templated":true}]}}