{"id":177453,"date":"2025-12-06T07:48:07","date_gmt":"2025-12-06T07:48:07","guid":{"rendered":"https:\/\/www.europesays.com\/pt\/177453\/"},"modified":"2025-12-06T07:48:07","modified_gmt":"2025-12-06T07:48:07","slug":"frank-gehry-autor-do-guggenheim-bilbau-morre-aos-96-anos","status":"publish","type":"post","link":"https:\/\/www.europesays.com\/pt\/177453\/","title":{"rendered":"Frank Gehry, autor do Guggenheim Bilbau, morre aos 96 anos"},"content":{"rendered":"\n<p>Entre as suas obras mais recentes contam-se a sede do DZ Bank, em Berlim, na Alemanha, a expans\u00e3o do edif\u00edcio-sede do Facebook, na Calif\u00f3rnia, a sede da InterActiveCorp, em Nova Iorque, e projeto habitacional de 76 andares, no bairro de Chelsea, em Manhattan, inaugurado em 2011.<\/p>\n<p>Em 2003, o ent\u00e3o presidente da C\u00e2mara Municipal de Lisboa, Pedro Santana Lopes, convidou Frank Gehry a desenvolver um projeto para o Parque Mayer, na capital portuguesa, que n\u00e3o foi concretizado.<\/p>\n<p>A vers\u00e3o inicial desse projeto inclu\u00eda um casino, quatro salas de teatro, um clube de jazz, um museu da moda, uma mediateca, dois edif\u00edcios para habita\u00e7\u00e3o, um hotel e zonas comerciais.<\/p>\n<p>Em declara\u00e7\u00f5es a jornalistas portugueses, nesse ano de 2003, Frank Gehry explicou que n\u00e3o queria fazer \u201cuma reconstru\u00e7\u00e3o hist\u00f3rica\u201d, mas sim transformar o Parque Mayer num \u201cespa\u00e7o moderno do s\u00e9culo XXI\u201d de maneira a que parecesse &#8220;que esteve sempre ali&#8221;.<\/p>\n<p>A proposta previa um edif\u00edcio principal, em pleno Parque Mayer, com duas salas de espect\u00e1culos &#8211; a maior, com capacidade de 800 a mil pessoas, previa uma sala interior e um anfiteatro ao ar livre, na fronteira com o Jardim Bot\u00e2nico.<\/p>\n<p>Frank Gehry regressou a Portugal, em 2014, para apresentar na Guarda outro projeto de um hotel de cinco estrelas e de um museu, no contexto de um complexo tur\u00edstico, previsto para a zona de fronteira entre os concelhos da Guarda e de Belmonte.<\/p>\n<p>Em 2007, o arquiteto desenhou o cen\u00e1rio para o concerto de Mariza no Walt Disney Concert Hall, que tr\u00eas anos mais tarde acompanhou a fadista na digress\u00e3o de apresenta\u00e7\u00e3o do seu \u00e1lbum &#8220;Fado Tradicional&#8221;.<\/p>\n<p>Gehry idealizou ent\u00e3o uma taberna, tal como a concebia, num beco de Lisboa, com o objetivo de real\u00e7ar e apoiar Mariza na sua atua\u00e7\u00e3o em Los Angeles, como o arquiteto ent\u00e3o declarou \u00e0 Associated Press.<\/p>\n<p>&#8220;N\u00e3o vai ser uma decora\u00e7\u00e3o Frank Gehry. N\u00e3o a v\u00e3o reconhecer&#8221;, disse na altura \u00e0 ag\u00eancia norte-americana de not\u00edcias, sublinhando o intimismo do cen\u00e1rio.<\/p>\n<p>Em 2011, Gehry regressou como professor \u00e0 Universidade do Sul da Calif\u00f3rnia, onde se formara, depois de ter ensinado nas universidades de Yale e de Columbia.<\/p>\n<p>Embora gostasse de desenhar e construir cidades em miniatura quando era crian\u00e7a, como hoje recorda o Los Angeles Daily News, Gehry contava que s\u00f3 aos 20 anos considerou a possibilidade de seguir a carreira de arquitetura, depois de um professor de cer\u00e2mica ter reconhecido o seu talento: &#8220;Foi como se fosse a primeira coisa na minha vida em que me sa\u00ed bem&#8221;.<\/p>\n<p>Frank Gehry foi distinguido com mais de uma centena de pr\u00e9mios, entre os quais o Pritzker (1989), o Praemium Imperiale do Jap\u00e3o (1992), o Frederick Kiesler, da \u00c1ustria (1998) e o Pr\u00e9mio Pr\u00edncipe das Ast\u00farias das Artes, de Espanha (2014), al\u00e9m da Medalha de Ouro do American Institute of Architects (1999).<\/p>\n<p>O jornal The New York Times define-o hoje como &#8220;o titan da arquitetura&#8221;. O Los Angeles Times considera-o o mais famoso e conhecido arquiteto norte-americano, depois de Frank Lloyd Wright (1867-1959), o criador do Museu Guggenheim, em Nova Iorque.<\/p>\n","protected":false},"excerpt":{"rendered":"Entre as suas obras mais recentes contam-se a sede do DZ Bank, em Berlim, na Alemanha, a expans\u00e3o&hellip;\n","protected":false},"author":2,"featured_media":177454,"comment_status":"","ping_status":"","sticky":false,"template":"","format":"standard","meta":{"footnotes":""},"categories":[144],"tags":[304,207,205,206,203,201,202,204,114,115,36655,2409,32,33],"class_list":{"0":"post-177453","1":"post","2":"type-post","3":"status-publish","4":"format-standard","5":"has-post-thumbnail","7":"category-arte-e-design","8":"tag-arquitetura","9":"tag-arte","10":"tag-arte-e-design","11":"tag-artedesign","12":"tag-arts","13":"tag-arts-and-design","14":"tag-artsanddesign","15":"tag-design","16":"tag-entertainment","17":"tag-entretenimento","18":"tag-frank-gehry","19":"tag-obito","20":"tag-portugal","21":"tag-pt"},"share_on_mastodon":{"url":"https:\/\/pubeurope.com\/@pt\/115671525149670383","error":""},"_links":{"self":[{"href":"https:\/\/www.europesays.com\/pt\/wp-json\/wp\/v2\/posts\/177453","targetHints":{"allow":["GET"]}}],"collection":[{"href":"https:\/\/www.europesays.com\/pt\/wp-json\/wp\/v2\/posts"}],"about":[{"href":"https:\/\/www.europesays.com\/pt\/wp-json\/wp\/v2\/types\/post"}],"author":[{"embeddable":true,"href":"https:\/\/www.europesays.com\/pt\/wp-json\/wp\/v2\/users\/2"}],"replies":[{"embeddable":true,"href":"https:\/\/www.europesays.com\/pt\/wp-json\/wp\/v2\/comments?post=177453"}],"version-history":[{"count":0,"href":"https:\/\/www.europesays.com\/pt\/wp-json\/wp\/v2\/posts\/177453\/revisions"}],"wp:featuredmedia":[{"embeddable":true,"href":"https:\/\/www.europesays.com\/pt\/wp-json\/wp\/v2\/media\/177454"}],"wp:attachment":[{"href":"https:\/\/www.europesays.com\/pt\/wp-json\/wp\/v2\/media?parent=177453"}],"wp:term":[{"taxonomy":"category","embeddable":true,"href":"https:\/\/www.europesays.com\/pt\/wp-json\/wp\/v2\/categories?post=177453"},{"taxonomy":"post_tag","embeddable":true,"href":"https:\/\/www.europesays.com\/pt\/wp-json\/wp\/v2\/tags?post=177453"}],"curies":[{"name":"wp","href":"https:\/\/api.w.org\/{rel}","templated":true}]}}