{"id":177455,"date":"2025-12-06T07:54:08","date_gmt":"2025-12-06T07:54:08","guid":{"rendered":"https:\/\/www.europesays.com\/pt\/177455\/"},"modified":"2025-12-06T07:54:08","modified_gmt":"2025-12-06T07:54:08","slug":"governo-trump-retira-recomendacao-da-vacina-contra-hepatite-b-aos-recem-nascidos","status":"publish","type":"post","link":"https:\/\/www.europesays.com\/pt\/177455\/","title":{"rendered":"Governo Trump retira recomenda\u00e7\u00e3o da vacina contra hepatite B aos rec\u00e9m-nascidos"},"content":{"rendered":"<p>&#13;<br \/>\nA vacina contra a hepatite B \u00e9 administrada aos beb\u00e9s em tr\u00eas doses, a primeira das quais 24 hora depois do nascimento, enquanto a segunda \u00e9-o no primeiro ou segundo m\u00eas e a terceira entre os seis e os 18 meses. &#13;\n<\/p>\n<p>&#13;<br \/>\nA comiss\u00e3o sobre vacinas dos CDC determinou que v\u00e3o ser os pr\u00f3prios pais que decidem, em consulta com os profissionais relevantes, se a primeira picada da vacina \u00e9 dada 24 horas depois do nascimento ou se \u00e9 adiada at\u00e9 aos dois meses, no caso em que a m\u00e3e tenha dado negativo ao teste. &#13;\n<\/p>\n<p>&#13;<br \/>\nNo caso de beb\u00e9s nascidos de m\u00e3es que deem positivo \u00e0 hepatite B &#8211;\u00a0v\u00edrus que pode ser transmitido da m\u00e3e para o feto -, a recomenda\u00e7\u00e3o da vacina 24 horas depois do parto mant\u00e9m-se, informou a NBC News.&#13;\n<\/p>\n<p>&#13;<br \/>\nIsto ocorre ap\u00f3s o secret\u00e1rio da Sa\u00fade, Robert F. Kennedy Jr. &#8211;\u00a0que tem questionado a efic\u00e1cia das vacinas &#8211;\u00a0ter despedido em junho 17 peritos da comiss\u00e3o, substituindo-os por afins do governo.&#13;\n<\/p>\n<p>&#13;<br \/>\nO subsecret\u00e1rio do Departamento da Sa\u00fade, Jim O`Neill, foi nomeado para dirigir os CDC, em substitui\u00e7\u00e3o de Susana Monarez, depois de esta ter denunciado ter recebido press\u00f5es para aceitar as narrativas anti-vacinas. &#13;\n<\/p>\n<p>&#13;<br \/>\nKennedy tem-se mostrado contra v\u00e1rias vacinas, incluindo a que \u00e9 para o covid-19, que chegou a definir como &#8220;a mais letal alguma vez fabricada&#8221;, al\u00e9m de apoiar as teorias da conspira\u00e7\u00e3o de que as vacinas causam autismo. &#13;<\/p>\n","protected":false},"excerpt":{"rendered":"&#13; A vacina contra a hepatite B \u00e9 administrada aos beb\u00e9s em tr\u00eas doses, a primeira das quais&hellip;\n","protected":false},"author":2,"featured_media":151896,"comment_status":"","ping_status":"","sticky":false,"template":"","format":"standard","meta":{"footnotes":""},"categories":[86],"tags":[116,32,1461,33,117],"class_list":{"0":"post-177455","1":"post","2":"type-post","3":"status-publish","4":"format-standard","5":"has-post-thumbnail","7":"category-saude","8":"tag-health","9":"tag-portugal","10":"tag-prevencao","11":"tag-pt","12":"tag-saude"},"share_on_mastodon":{"url":"https:\/\/pubeurope.com\/@pt\/115671548875637378","error":""},"_links":{"self":[{"href":"https:\/\/www.europesays.com\/pt\/wp-json\/wp\/v2\/posts\/177455","targetHints":{"allow":["GET"]}}],"collection":[{"href":"https:\/\/www.europesays.com\/pt\/wp-json\/wp\/v2\/posts"}],"about":[{"href":"https:\/\/www.europesays.com\/pt\/wp-json\/wp\/v2\/types\/post"}],"author":[{"embeddable":true,"href":"https:\/\/www.europesays.com\/pt\/wp-json\/wp\/v2\/users\/2"}],"replies":[{"embeddable":true,"href":"https:\/\/www.europesays.com\/pt\/wp-json\/wp\/v2\/comments?post=177455"}],"version-history":[{"count":0,"href":"https:\/\/www.europesays.com\/pt\/wp-json\/wp\/v2\/posts\/177455\/revisions"}],"wp:featuredmedia":[{"embeddable":true,"href":"https:\/\/www.europesays.com\/pt\/wp-json\/wp\/v2\/media\/151896"}],"wp:attachment":[{"href":"https:\/\/www.europesays.com\/pt\/wp-json\/wp\/v2\/media?parent=177455"}],"wp:term":[{"taxonomy":"category","embeddable":true,"href":"https:\/\/www.europesays.com\/pt\/wp-json\/wp\/v2\/categories?post=177455"},{"taxonomy":"post_tag","embeddable":true,"href":"https:\/\/www.europesays.com\/pt\/wp-json\/wp\/v2\/tags?post=177455"}],"curies":[{"name":"wp","href":"https:\/\/api.w.org\/{rel}","templated":true}]}}