{"id":177466,"date":"2025-12-06T08:09:13","date_gmt":"2025-12-06T08:09:13","guid":{"rendered":"https:\/\/www.europesays.com\/pt\/177466\/"},"modified":"2025-12-06T08:09:13","modified_gmt":"2025-12-06T08:09:13","slug":"cantor-morre-em-acidente-horas-antes-do-casamento-tinha-27-anos","status":"publish","type":"post","link":"https:\/\/www.europesays.com\/pt\/177466\/","title":{"rendered":"Cantor morre em acidente horas antes do casamento. Tinha 27 anos"},"content":{"rendered":"<p data-end=\"797\" data-start=\"423\"><strong>O cantor brasileiro Ja\u00edlson Melo, de 27 anos, perdeu a vida poucas horas antes de oficializar o casamento com M\u00f3nica Andrade<\/strong>, com quem mantinha uma rela\u00e7\u00e3o h\u00e1 mais de tr\u00eas anos.<\/p>\n<p data-end=\"797\" data-start=\"423\">Vocalista do grupo Aventureiros do Forr\u00f3, <strong>o artista deslocava-se de mota para ir buscar salgados destinados \u00e0 festa quando sofreu um tr\u00e1gico acidente<\/strong> que interrompeu os preparativos para aquele que seria um dos dias mais importantes e felizes da sua vida.<\/p>\n<p data-end=\"1166\" data-start=\"799\"><strong>No mesmo acidente morreu tamb\u00e9m o pai do jovem, Jos\u00e9 Valdir de Melo, de 58 anos<\/strong>, que o acompanhava no trajeto. Segundo testemunhas, a mota onde seguiam foi violentamente atingida por um carro que circulava a alta velocidade. O impacto ter\u00e1 projetado ambos, resultando em morte imediata.<\/p>\n<p data-end=\"1166\" data-start=\"799\"><strong>O condutor do ve\u00edculo envolvido fugiu do local sem prestar qualquer assist\u00eancia \u00e0s v\u00edtimas.<\/strong><\/p>\n","protected":false},"excerpt":{"rendered":"O cantor brasileiro Ja\u00edlson Melo, de 27 anos, perdeu a vida poucas horas antes de oficializar o casamento&hellip;\n","protected":false},"author":2,"featured_media":177467,"comment_status":"","ping_status":"","sticky":false,"template":"","format":"standard","meta":{"footnotes":""},"categories":[85],"tags":[73,59,72,66,1710,1435,114,115,77,69,36685,75,71,67,32,33,76,74,70,35,78,68],"class_list":{"0":"post-177466","1":"post","2":"type-post","3":"status-publish","4":"format-standard","5":"has-post-thumbnail","7":"category-entretenimento","8":"tag-a-jornada","9":"tag-acidente","10":"tag-bate-bola","11":"tag-bom-dia-alegria","12":"tag-cantor","13":"tag-casamento","14":"tag-entertainment","15":"tag-entretenimento","16":"tag-estudio-estadio","17":"tag-fanaticos","18":"tag-jailson-melo","19":"tag-livre-e-direto","20":"tag-nova-geracao","21":"tag-para-si","22":"tag-portugal","23":"tag-pt","24":"tag-segredos-do-prazer","25":"tag-segue-o-jogo","26":"tag-super-craques","27":"tag-transferencias","28":"tag-v-fama","29":"tag-var-aberto"},"share_on_mastodon":{"url":"https:\/\/pubeurope.com\/@pt\/115671607757094034","error":""},"_links":{"self":[{"href":"https:\/\/www.europesays.com\/pt\/wp-json\/wp\/v2\/posts\/177466","targetHints":{"allow":["GET"]}}],"collection":[{"href":"https:\/\/www.europesays.com\/pt\/wp-json\/wp\/v2\/posts"}],"about":[{"href":"https:\/\/www.europesays.com\/pt\/wp-json\/wp\/v2\/types\/post"}],"author":[{"embeddable":true,"href":"https:\/\/www.europesays.com\/pt\/wp-json\/wp\/v2\/users\/2"}],"replies":[{"embeddable":true,"href":"https:\/\/www.europesays.com\/pt\/wp-json\/wp\/v2\/comments?post=177466"}],"version-history":[{"count":0,"href":"https:\/\/www.europesays.com\/pt\/wp-json\/wp\/v2\/posts\/177466\/revisions"}],"wp:featuredmedia":[{"embeddable":true,"href":"https:\/\/www.europesays.com\/pt\/wp-json\/wp\/v2\/media\/177467"}],"wp:attachment":[{"href":"https:\/\/www.europesays.com\/pt\/wp-json\/wp\/v2\/media?parent=177466"}],"wp:term":[{"taxonomy":"category","embeddable":true,"href":"https:\/\/www.europesays.com\/pt\/wp-json\/wp\/v2\/categories?post=177466"},{"taxonomy":"post_tag","embeddable":true,"href":"https:\/\/www.europesays.com\/pt\/wp-json\/wp\/v2\/tags?post=177466"}],"curies":[{"name":"wp","href":"https:\/\/api.w.org\/{rel}","templated":true}]}}