{"id":177468,"date":"2025-12-06T08:11:49","date_gmt":"2025-12-06T08:11:49","guid":{"rendered":"https:\/\/www.europesays.com\/pt\/177468\/"},"modified":"2025-12-06T08:11:49","modified_gmt":"2025-12-06T08:11:49","slug":"as-estrelas-inflacionadas-deste-natal","status":"publish","type":"post","link":"https:\/\/www.europesays.com\/pt\/177468\/","title":{"rendered":"as estrelas inflacionadas deste Natal"},"content":{"rendered":"<p>        H\u00e1, no entanto, alguns produtos que baixaram de pre\u00e7o, caso do a\u00e7\u00facar branco que caiu 45% e o da farinha para bolos que desceu 6%. A couve tamb\u00e9m baixou 15%. C\u00e1lculos s\u00e3o da Deco Proteste.    <\/p>\n<p>Se algu\u00e9m quiser saber o que \u00e9 luxo em 2025, a resposta \u00e9 simples: tabletes de chocolate para culin\u00e1ria. Aquele quadradinho que derrete para fazer mousse caseira na consoada, subiu 77% e est\u00e1 2,12 euros mais caro relativamente a 2024, ou seja, custa 4,07 euros. J\u00e1 os ovos escalaram 35%. Por isso, segundo a DECO Proteste, para comprar seis ovos, o consumidor ter\u00e1 de desembolsar 2,12 euros. Outro produto que vai encarecer a ceia de natal \u00e9 a perna de peru, que tamb\u00e9m subiu ao p\u00f3dio, aumentando de pre\u00e7o em 27%.<\/p>\n<p>Estes resultados foram apresentados pela DECO PROteste que no in\u00edcio deste m\u00eas fez uma an\u00e1lise semanal a um cabaz espec\u00edfico de 16 produtos para acompanhar a evolu\u00e7\u00e3o dos pre\u00e7os dos alimentos tipicamente consumidos nesta \u00e9poca natal\u00edcia. Segundo um comunicado, a primeira an\u00e1lise deste ano aponta que \u201co cabaz de Natal custa 54,35 euros\u201d, uma subida de 2,8% face ao per\u00edodo hom\u00f3logo de 2024.<\/p>\n<p>H\u00e1, no entanto, alguns produtos que baixaram de pre\u00e7o, caso do a\u00e7\u00facar branco que caiu 45% e o da farinha para bolos que desceu 6%. A couve tamb\u00e9m baixou 15%, mas os acompanhamentos, ou seja, a batata vermelha, subiu 1% e o bacalhau gra\u00fado, 27%. Agora poder\u00e1 custar 16,71 euros.<\/p>\n<p>O cabaz de Natal inclui os seguintes 16 produtos: azeite virgem extra, couve, vinho branco DOC Alentejo, arroz carolino, perna de peru, batata-vermelha, carca\u00e7a tradicional, ovos, \u00f3leo alimentar, abacaxi, leite UHT meio gordo, farinha para bolos, vinho tinto DOC Douro, tablete de chocolate para culin\u00e1ria, bacalhau gra\u00fado e a\u00e7\u00facar branco.<\/p>\n","protected":false},"excerpt":{"rendered":"H\u00e1, no entanto, alguns produtos que baixaram de pre\u00e7o, caso do a\u00e7\u00facar branco que caiu 45% e o&hellip;\n","protected":false},"author":2,"featured_media":177469,"comment_status":"","ping_status":"","sticky":false,"template":"","format":"standard","meta":{"footnotes":""},"categories":[83],"tags":[88,36686,89,90,32,33],"class_list":{"0":"post-177468","1":"post","2":"type-post","3":"status-publish","4":"format-standard","5":"has-post-thumbnail","7":"category-empresas","8":"tag-business","9":"tag-deco-proteste","10":"tag-economy","11":"tag-empresas","12":"tag-portugal","13":"tag-pt"},"share_on_mastodon":{"url":"https:\/\/pubeurope.com\/@pt\/115671619599120391","error":""},"_links":{"self":[{"href":"https:\/\/www.europesays.com\/pt\/wp-json\/wp\/v2\/posts\/177468","targetHints":{"allow":["GET"]}}],"collection":[{"href":"https:\/\/www.europesays.com\/pt\/wp-json\/wp\/v2\/posts"}],"about":[{"href":"https:\/\/www.europesays.com\/pt\/wp-json\/wp\/v2\/types\/post"}],"author":[{"embeddable":true,"href":"https:\/\/www.europesays.com\/pt\/wp-json\/wp\/v2\/users\/2"}],"replies":[{"embeddable":true,"href":"https:\/\/www.europesays.com\/pt\/wp-json\/wp\/v2\/comments?post=177468"}],"version-history":[{"count":0,"href":"https:\/\/www.europesays.com\/pt\/wp-json\/wp\/v2\/posts\/177468\/revisions"}],"wp:featuredmedia":[{"embeddable":true,"href":"https:\/\/www.europesays.com\/pt\/wp-json\/wp\/v2\/media\/177469"}],"wp:attachment":[{"href":"https:\/\/www.europesays.com\/pt\/wp-json\/wp\/v2\/media?parent=177468"}],"wp:term":[{"taxonomy":"category","embeddable":true,"href":"https:\/\/www.europesays.com\/pt\/wp-json\/wp\/v2\/categories?post=177468"},{"taxonomy":"post_tag","embeddable":true,"href":"https:\/\/www.europesays.com\/pt\/wp-json\/wp\/v2\/tags?post=177468"}],"curies":[{"name":"wp","href":"https:\/\/api.w.org\/{rel}","templated":true}]}}