{"id":177472,"date":"2025-12-06T08:17:21","date_gmt":"2025-12-06T08:17:21","guid":{"rendered":"https:\/\/www.europesays.com\/pt\/177472\/"},"modified":"2025-12-06T08:17:21","modified_gmt":"2025-12-06T08:17:21","slug":"estatua-de-pavarotti-presa-ao-gelo-causa-polemica-e-revolta-na-italia","status":"publish","type":"post","link":"https:\/\/www.europesays.com\/pt\/177472\/","title":{"rendered":"Est\u00e1tua de Pavarotti &#8216;presa ao gelo&#8217; causa pol\u00eamica e revolta na It\u00e1lia"},"content":{"rendered":"<p>\n                        Vi\u00fava disse que prefeito desrespeitou o astro da \u00f3pera ao deixar pista de gelo ser instalada no local\n                    <\/p>\n<ul class=\"article__header__author\">\n<li class=\"article__header__author__item\">\n                                                                                    <img loading=\"lazy\" decoding=\"async\" src=\"https:\/\/www.europesays.com\/pt\/wp-content\/uploads\/2025\/11\/microsoftteams-image-(23)-1jy7orqt0u4hi.png\" width=\"32\" height=\"32\" title=\"Reda\u00e7\u00e3o Terra\" alt=\"Reda\u00e7\u00e3o Terra\" class=\"author-picture\"\/><br \/>\n                                                                            Por:<br \/>\n                                                                                    Reda\u00e7\u00e3o Terra\n                                                                        <\/li>\n<\/ul>\n<p>\n                                    2 dez<br \/>\n                                    2025<br \/>\n                                     &#8211; 10h31\n                                <\/p>\n<p>\n                                                                                                                        (atualizado \u00e0s 11h31)\n                                                                            <\/p>\n<p>\n                        <b style=\"margin-bottom: 8px; display: inline-block;\">Resumo<\/b><br \/>Uma est\u00e1tua do tenor Luciano Pavarotti ficou parcialmente congelada em uma pista de patina\u00e7\u00e3o na It\u00e1lia, gerando cr\u00edticas da vi\u00fava, que acusou a prefeitura de desrespeitar sua mem\u00f3ria; o prefeito pediu desculpas pelo ocorrido.\n                    <\/p>\n<p><img loading=\"lazy\" decoding=\"async\" alt=\"Est\u00e1tua do tenor com as pernas parcialmente congeladas\" class=\"img-21cd4bf332fefd20a548c1858749194dt0v1gu1k\" height=\"427\" src=\"https:\/\/www.europesays.com\/pt\/wp-content\/uploads\/2025\/12\/screenshot-(12)-rkzlreibv3vo.png\"  title=\"Est\u00e1tua do tenor com as pernas parcialmente congeladas\" width=\"774\"\/><\/p>\n<p>Est\u00e1tua do tenor com as pernas parcialmente congeladas<\/p>\n<p>Foto: Reprou\u00e7\u00e3o | Jornal Il Resto del Carlino<\/p>\n<p class=\"text\">Uma est\u00e1tua do tenor <a href=\"https:\/\/www.terra.com.br\/diversao\/\" rel=\"nofollow noopener\" target=\"_blank\">Luciano Pavarotti<\/a> (1935\u20132007) se tornou alvo de pol\u00eamica nas \u00faltimas semanas ap\u00f3s a instala\u00e7\u00e3o de uma pista de patina\u00e7\u00e3o natalina em Pesaro, na regi\u00e3o de Marche, na It\u00e1lia. O caso passou a gerar burburinho ap\u00f3s a est\u00e1tua, em tamanho real, inaugurada em abril de 2024, ter sido incorporada de forma mal planejada ao espa\u00e7o de entretenimento. A obra feita de bronze, localizada na pra\u00e7a principal da cidade, acabou sendo \u201ccongelada\u201d at\u00e9 os joelhos e cercada por placas de sinaliza\u00e7\u00e3o, o que indignou a fam\u00edlia do tenor.<\/p>\n<blockquote>\n<\/blockquote>\n<p class=\"text\"><a href=\"https:\/\/www.terra.com.br\/diversao\/\" rel=\"nofollow noopener\" target=\"_blank\">Nicoletta Mantovani<\/a>, vi\u00fava de Pavarotti, afirmou que o epis\u00f3dio \u00e9 um \u201cabsurdo\u201d. Ao jornal Il Resto del Carlino, ela concedeu uma declara\u00e7\u00e3o revoltada, dizendo que a decis\u00e3o da prefeitura \u201cridiculariza a mem\u00f3ria e a imagem de algu\u00e9m que tornou a It\u00e1lia grande em todo o mundo\u201d.<\/p>\n<p class=\"text\">A vi\u00fava ainda disse estar \u201ccom raiva e chateada ao ver a figura do marido no meio da pista, com as pernas parcialmente submersas no gelo\u201d.<\/p>\n<p class=\"text\">O caso ganhou propor\u00e7\u00f5es ainda maiores quando o prefeito Andrea Biancini publicou uma foto, criada por intelig\u00eancia artificial, em que a est\u00e1tua aparece como se estivesse jogando h\u00f3quei no gelo. Para Mantovani, o gesto apenas refor\u00e7ou o desrespeito ao astro da \u00f3pera.<\/p>\n<p class=\"text\">Diante da repercuss\u00e3o, o pol\u00edtico pediu desculpas publicamente e afirmou que \u201ccometeu um erro\u201d com a fam\u00edlia. Ainda ao jornal Il Resto del Carlino, ele declarou que, ao aprovar o projeto da pista, foi informado de que a est\u00e1tua n\u00e3o seria tocada e que s\u00f3 percebeu a modifica\u00e7\u00e3o quando tudo j\u00e1 estava pronto.<\/p>\n<p class=\"text\">Biancini ainda ressaltou que, neste momento, n\u00e3o h\u00e1 como reposicionar a escultura nem desmontar a pista de gelo, mas garantiu que a situa\u00e7\u00e3o n\u00e3o voltar\u00e1 a se repetir. A est\u00e1tua de <a href=\"https:\/\/www.terra.com.br\/diversao\/\" rel=\"nofollow noopener\" target=\"_blank\">Pavarotti <\/a>foi inaugurada em abril de 2024, com a presen\u00e7a de Mantovani e da filha do casal, Alice.<\/p>\n","protected":false},"excerpt":{"rendered":"Vi\u00fava disse que prefeito desrespeitou o astro da \u00f3pera ao deixar pista de gelo ser instalada no local&hellip;\n","protected":false},"author":2,"featured_media":177473,"comment_status":"","ping_status":"","sticky":false,"template":"","format":"standard","meta":{"footnotes":""},"categories":[144],"tags":[207,205,206,203,201,202,204,114,115,32,33],"class_list":{"0":"post-177472","1":"post","2":"type-post","3":"status-publish","4":"format-standard","5":"has-post-thumbnail","7":"category-arte-e-design","8":"tag-arte","9":"tag-arte-e-design","10":"tag-artedesign","11":"tag-arts","12":"tag-arts-and-design","13":"tag-artsanddesign","14":"tag-design","15":"tag-entertainment","16":"tag-entretenimento","17":"tag-portugal","18":"tag-pt"},"share_on_mastodon":{"url":"https:\/\/pubeurope.com\/@pt\/115671639464528675","error":""},"_links":{"self":[{"href":"https:\/\/www.europesays.com\/pt\/wp-json\/wp\/v2\/posts\/177472","targetHints":{"allow":["GET"]}}],"collection":[{"href":"https:\/\/www.europesays.com\/pt\/wp-json\/wp\/v2\/posts"}],"about":[{"href":"https:\/\/www.europesays.com\/pt\/wp-json\/wp\/v2\/types\/post"}],"author":[{"embeddable":true,"href":"https:\/\/www.europesays.com\/pt\/wp-json\/wp\/v2\/users\/2"}],"replies":[{"embeddable":true,"href":"https:\/\/www.europesays.com\/pt\/wp-json\/wp\/v2\/comments?post=177472"}],"version-history":[{"count":0,"href":"https:\/\/www.europesays.com\/pt\/wp-json\/wp\/v2\/posts\/177472\/revisions"}],"wp:featuredmedia":[{"embeddable":true,"href":"https:\/\/www.europesays.com\/pt\/wp-json\/wp\/v2\/media\/177473"}],"wp:attachment":[{"href":"https:\/\/www.europesays.com\/pt\/wp-json\/wp\/v2\/media?parent=177472"}],"wp:term":[{"taxonomy":"category","embeddable":true,"href":"https:\/\/www.europesays.com\/pt\/wp-json\/wp\/v2\/categories?post=177472"},{"taxonomy":"post_tag","embeddable":true,"href":"https:\/\/www.europesays.com\/pt\/wp-json\/wp\/v2\/tags?post=177472"}],"curies":[{"name":"wp","href":"https:\/\/api.w.org\/{rel}","templated":true}]}}