{"id":177490,"date":"2025-12-06T09:10:08","date_gmt":"2025-12-06T09:10:08","guid":{"rendered":"https:\/\/www.europesays.com\/pt\/177490\/"},"modified":"2025-12-06T09:10:08","modified_gmt":"2025-12-06T09:10:08","slug":"bmw-do-filho-de-montenegro-foi-assaltado-durante-jantar-e-levaram-computador","status":"publish","type":"post","link":"https:\/\/www.europesays.com\/pt\/177490\/","title":{"rendered":"BMW do filho de Montenegro foi assaltado durante jantar e levaram computador"},"content":{"rendered":"<p data-remotead-prev-elm=\"true\" data-remotead-elm-id=\"inread\">O carro de Hugo Montenegro, filho do primeiro-ministro, foi assaltado enquanto este jantava num restaurante da zona da Foz, no Porto. Levaram-lhe uma mochila com um computador e outros equipamentos inform\u00e1ticos, que seriam rapidamente recuperados pela PSP, horas ap\u00f3s o furto, no Bairro da Pasteleira, um complexo habitacional conotado com o tr\u00e1fico e o consumo de droga. O material foi devolvido ao filho de Lu\u00eds Montenegro.<\/p>\n","protected":false},"excerpt":{"rendered":"O carro de Hugo Montenegro, filho do primeiro-ministro, foi assaltado enquanto este jantava num restaurante da zona da&hellip;\n","protected":false},"author":2,"featured_media":177491,"comment_status":"","ping_status":"","sticky":false,"template":"","format":"standard","meta":{"footnotes":""},"categories":[10],"tags":[2446,27,28,15,16,14,603,25,26,1447,21,22,12,13,19,20,462,32,23,24,1306,33,17,18,29,30,31],"class_list":{"0":"post-177490","1":"post","2":"type-post","3":"status-publish","4":"format-standard","5":"has-post-thumbnail","7":"category-portugal","8":"tag-assalto","9":"tag-breaking-news","10":"tag-breakingnews","11":"tag-featured-news","12":"tag-featurednews","13":"tag-headlines","14":"tag-justica","15":"tag-latest-news","16":"tag-latestnews","17":"tag-luis-montenegro","18":"tag-main-news","19":"tag-mainnews","20":"tag-news","21":"tag-noticias","22":"tag-noticias-principais","23":"tag-noticiasprincipais","24":"tag-porto","25":"tag-portugal","26":"tag-principais-noticias","27":"tag-principaisnoticias","28":"tag-psp","29":"tag-pt","30":"tag-top-stories","31":"tag-topstories","32":"tag-ultimas","33":"tag-ultimas-noticias","34":"tag-ultimasnoticias"},"share_on_mastodon":{"url":"https:\/\/pubeurope.com\/@pt\/115671847734017810","error":""},"_links":{"self":[{"href":"https:\/\/www.europesays.com\/pt\/wp-json\/wp\/v2\/posts\/177490","targetHints":{"allow":["GET"]}}],"collection":[{"href":"https:\/\/www.europesays.com\/pt\/wp-json\/wp\/v2\/posts"}],"about":[{"href":"https:\/\/www.europesays.com\/pt\/wp-json\/wp\/v2\/types\/post"}],"author":[{"embeddable":true,"href":"https:\/\/www.europesays.com\/pt\/wp-json\/wp\/v2\/users\/2"}],"replies":[{"embeddable":true,"href":"https:\/\/www.europesays.com\/pt\/wp-json\/wp\/v2\/comments?post=177490"}],"version-history":[{"count":0,"href":"https:\/\/www.europesays.com\/pt\/wp-json\/wp\/v2\/posts\/177490\/revisions"}],"wp:featuredmedia":[{"embeddable":true,"href":"https:\/\/www.europesays.com\/pt\/wp-json\/wp\/v2\/media\/177491"}],"wp:attachment":[{"href":"https:\/\/www.europesays.com\/pt\/wp-json\/wp\/v2\/media?parent=177490"}],"wp:term":[{"taxonomy":"category","embeddable":true,"href":"https:\/\/www.europesays.com\/pt\/wp-json\/wp\/v2\/categories?post=177490"},{"taxonomy":"post_tag","embeddable":true,"href":"https:\/\/www.europesays.com\/pt\/wp-json\/wp\/v2\/tags?post=177490"}],"curies":[{"name":"wp","href":"https:\/\/api.w.org\/{rel}","templated":true}]}}