{"id":177492,"date":"2025-12-06T09:11:15","date_gmt":"2025-12-06T09:11:15","guid":{"rendered":"https:\/\/www.europesays.com\/pt\/177492\/"},"modified":"2025-12-06T09:11:15","modified_gmt":"2025-12-06T09:11:15","slug":"o-raio-x-ao-grupo-de-portugal-no-mundial-o-talento-da-colombia-a-pouca-rodagem-dos-usbeques-e-alguem-sabe-se-la-quem-mais-exotico","status":"publish","type":"post","link":"https:\/\/www.europesays.com\/pt\/177492\/","title":{"rendered":"O raio-x ao grupo de Portugal no Mundial: o talento da Col\u00f4mbia, a pouca rodagem dos usbeques e algu\u00e9m, sabe-se l\u00e1 quem, mais ex\u00f3tico"},"content":{"rendered":"<p>J\u00e1 n\u00e3o \u00e9 a Col\u00f4mbia de Juan Valderrama ou Faustino Asprillia que jogou na edi\u00e7\u00e3o de 1994, nos EUA, \u00e9 a de James Rodr\u00edguez com a bra\u00e7adeira de capit\u00e3o, Luis D\u00edaz a fintar pela vida algures no ataque e de Su\u00e1rez a tentar marcar golos l\u00e1 \u00e0 frente. S\u00f3 velhos conhecidos dos relvados portugueses no advers\u00e1rio de maior dificuldade que calhou \u00e0 sele\u00e7\u00e3o nacional no Grupo K, letra inexistente no abeced\u00e1rio portugu\u00eas, mas que identifica onde a equipa de Roberto Mart\u00ednez jogar\u00e1 no Mundial 2026. <\/p>\n<p>Por enquanto, apenas se conhece um outro advers\u00e1rio, o Usbequist\u00e3o, a dar a primeira espregui\u00e7adela nisto de ir ao torneio que s\u00f3 aparece a cada quatro anos, por isso seleto e excelso, porque raro, mas j\u00e1 n\u00e3o t\u00e3o inacess\u00edvel por a pr\u00f3xima edi\u00e7\u00e3o ser a primeira com 48 equipas. Tal abriu possibilidades em novas latitudes e o pa\u00eds da \u00c1sia Central aproveitou, apesar da sele\u00e7\u00e3o com poucos representantes de campeonatos europeus &#8211; Khusanov e Shomurodov soam alguma campainha?<\/p>\n<p>A terceira equipa que se cruzar\u00e1 com Portugal est\u00e1 por conhecer. Ser\u00e1 entre a fr\u00e1gil Nova Caled\u00f3nia, a Jamaica embalada pelo reggae ou a Rep\u00fablica Democr\u00e1tica do Congo que tem nomes de respeito, que v\u00e3o disputar um dos play-offs de apuramento que est\u00e3o reservados para mar\u00e7o de 2026. Este \u00e9 uma breve apresenta\u00e7\u00e3o das sele\u00e7\u00f5es com as quais a sele\u00e7\u00e3o portuguesa se ter\u00e1 de medir, por certo ou se calhar.<\/p>\n<p>Os colombianos cheios de talento<\/p>\n<p>Portugal jamais defrontou os colombianos, pelo que teremos um duelo frente aos cafeteros pela primeira vez na hist\u00f3ria, um in\u00e9dito que \u00e9 a nota dominante deste grupo totalmente n\u00e3o europeu. \u00c9 de esperar grande apoio para a equipa sul-americana no Mundial, pelo que, nas bancadas, \u00e9 poss\u00edvel que a equipa de Mart\u00ednez entre a perder.<\/p>\n<p>Orientada pelo argentino N\u00e9stor Lorenzo, antigo internacional que foi vice-campe\u00e3o do mundo em 1990, a Col\u00f4mbia falhou o Mundial 2022, mas vem de fazer uma excelente Copa Am\u00e9rica. Em 2024, justamente nos Estados Unidos, a equipa ficou em segundo, s\u00f3 perdendo na final, no prolongamento, contra a Argentina.<\/p>\n<p>James Rodr\u00edguez, que sabe bem o que \u00e9 brilhar num Mundial, continua, aos 34 anos, a ter destaque na equipa. Luis D\u00edaz \u00e9 o outro nome forte: o extremo do Bayern de Munique tem dinamitado a Bundesliga desde a mudan\u00e7a de Liverpool para a Baviera. Al\u00e9m do craque canhoto e do extremo ex-FC Porto, h\u00e1 presen\u00e7a da I Liga na equipa, com o benfiquista Richard R\u00edos no meio-campo e o sportinguista Luis Su\u00e1rez no ataque. Haver\u00e1 ainda Juan Fernando Quintero, outro antigo canhoto dos drag\u00f5es, para acrescentar ao requinte.<\/p>\n<p>O melhor que a Col\u00f4mbia fez em Mundiais foram os quartos de final do Brasil 2014, quando James Rodr\u00edguez encantou o planeta. Ausente de 2022, ficou pelos oitavos de final em 2018. Disputar\u00e1 a sua s\u00e9tima fase final do torneio e, em teoria, \u00e9 o advers\u00e1rio mais exigente deste grupo K.<\/p>\n<p>Os jogadores da sele\u00e7\u00e3o do Usbequist\u00e3o celebram a qualifica\u00e7\u00e3o para o Mundial 2026. Ser\u00e1 a primeira participa\u00e7\u00e3o do pa\u00eds no torneio<\/p>\n<p>Anvar Ilyasov<\/p>\n<p>Os estreantes da \u00c1sia Central<\/p>\n<p>Pareceu sina a sele\u00e7\u00e3o ter de apalpar no nada, de o passado ser et\u00e9reo. Tamb\u00e9m nunca Portugal defrontou o <strong>Usbequist\u00e3o<\/strong>, vasto pa\u00eds da \u00c1sia Central e um dos beneficiados pelo alargamento do Mundial a 48 equipas. Um dos estreantes no torneio, os usbeques apuraram-se em segundo lugar de um grupo liderado pelo Ir\u00e3o, a sua pegada no futebol internacional \u00e9 parca e, de caras conhecidas, a maior estar\u00e1 sentada no banco, de olho azul: o selecionador \u00e9 Fabio Cannavaro, que ter\u00e1 uma ou duas hist\u00f3rias para contar aos seus jogadores.<\/p>\n<p>Em 2006, era ele o capit\u00e3o da It\u00e1lia campe\u00e3 mundial, l\u00e1 atr\u00e1s rapado de cabelo, a correr, deslizar na relva, antecipar e intercetar bolas, um muro com pernas, bra\u00e7os e epopeia de chuteiras cal\u00e7adas que viria a ganhar a Bola de Ouro nesse ano &#8211; o \u00faltimo defesa a receber essa distin\u00e7\u00e3o. Calha bem ao Usbequist\u00e3o, cujo jogador com maior perfil tamb\u00e9m \u00e9 vizinho da sua pr\u00f3pria baliza. Abdukodir Khusanov \u00e9 o seu nome, joga no Manchester City, central de posi\u00e7\u00e3o. Tem 21 anos, leva sete partidas esta \u00e9poca e chegou a Inglaterra a meio da \u00e9poca passada, contratado por \u20ac40 milh\u00f5es ao Lens. O jovem defesa, fino a passar a bola de tr\u00e1s, cheio de potencial, esteve na maior (e recente) experi\u00eancia em provas internacionais do Usbequist\u00e3o, quando competiu no torneio de futebol dos \u00faltimos Jogo Ol\u00edmpicos.<\/p>\n<p>Teve a companhia de Eldor Shomurodov, o outro esteio da sele\u00e7\u00e3o com quilometragem de destaque no futebol europeu. Avan\u00e7ado de 30 anos, \u00e1vido a pedir a bola no espa\u00e7o e a atacar a profundidade, est\u00e1 emprestado pela AS Roma ao Basaksehir da Turquia, onde leva 10 golos em 20 partidas. Antes, andou pelo Spezia e o G\u00e9nova na Serie A.<\/p>\n<p>Olhando para o \u00faltimo onze apresentado pelos usbeques, no empate contra o ir\u00e3o, em novembro, apenas Khusniddin Alikulov, outro defesa central e h\u00e1 tr\u00eas \u00e9pocas nos turcos do Caykur Rizespor, tamb\u00e9m joga num campeonato europeu. Os restantes titulares desse encontro fazem vida em clubes do Usbequist\u00e3o ou de pa\u00edses do M\u00e9dio Oriente. Com o Mundial ainda longe no horizonte, com tanto ainda a poder mudar (les\u00f5es, momentos de forma), o sum\u00e1rio atual \u00e9 claro: quem joga pelo Usbequist\u00e3o \u00e9 t\u00edmido em estatutos, vir\u00e1 de ligas perif\u00e9ricas, com outros ritmos, e tem pouca tradi\u00e7\u00e3o no futebol.<\/p>\n<p>Embora esteja a crescer, prova disso os seus sub-17 terem chegado aos \u2018oitavos\u2019 do \u00faltimo Mundial e a conquista, este ano e na sele\u00e7\u00e3o s\u00e9nior, da Cata Nations Cup, inven\u00e7\u00e3o da FIFA para dar competi\u00e7\u00e3o \u00e0s na\u00e7\u00f5es acabadas em \u201c\u00e3o\u201d da \u00c1sia Central, com convidados (Om\u00e3, \u00cdndia) \u00e0 mistura.<\/p>\n<p>Chancel Mbemba, antigo defesa central do FC Porto, \u00e9 o capit\u00e3o da sele\u00e7\u00e3o da Rep\u00fablica Democr\u00e1tica do Congo, com a qual Portugal poder\u00e1 jogar na fase de grupos do Mundial 2026<\/p>\n<p>DeFodi Images<\/p>\n<p>\u00c0 espera do play-off<\/p>\n<p>Existe uma forte possibilidade do primeiro jogo de Portugal no Mundial 2026 ser o \u00faltimo a ser preparado. A sele\u00e7\u00e3o nacional vai ter que esperar que o play-off intercontinental revele qual a equipa que a preencher o grupo K, sendo que as hip\u00f3teses s\u00e3o tr\u00eas: Rep\u00fablica Democr\u00e1tica do Congo, Nova Caled\u00f3nia e Jamaica. Todos os potenciais advers\u00e1rios pertencem a uma confedera\u00e7\u00e3o diferente e Portugal nunca defrontou qualquer um deles.<\/p>\n<p>Deste lote, a Jamaica \u00e9 a sele\u00e7\u00e3o com mais historial. N\u00e3o \u00e9 que a experi\u00eancia do Mundial 1998, a \u00fanica presen\u00e7a dos reggae boyz no torneio, traga algum benef\u00edcio ao plantel atual que falhou o passaporte direto por ter ficado atr\u00e1s de Cura\u00e7au no grupo de apuramento da CONCACAF. O desfecho levou \u00e0 sa\u00edda de Steve McClaren. Sem selecionador, os caribenhos t\u00eam ainda outras quest\u00f5es por resolver junto de alguns dos principais jogadores. Michail Antonio, do West Ham, est\u00e1 a recuperar de uma les\u00e3o e Leon Bailey, da AS Roma, encontra-se envolvido num desentendimento com a federa\u00e7\u00e3o. Noutro sentido, podem receber Mason Greenwood, ingl\u00eas do Marselha com ascend\u00eancia jamaicana, como refor\u00e7o ap\u00f3s este ter abdicado da sele\u00e7\u00e3o inglesa.<\/p>\n<p>Para se qualificar, a Jamaica tem que ultrapassar a Nova Caled\u00f3nia na meia-final do play-off. Na fase de apuramento, o pa\u00eds foi batido pelo cr\u00f3nico representante da Oce\u00e2nia no Mundial, a Nova Zel\u00e2ndia, mas tem uma segunda oportunidade para se estrear. Nas competi\u00e7\u00f5es jovens, tornaram-se um nome habitual, embora frequentemente associado a goleadas de dois d\u00edgitos.<\/p>\n<p>A Rep\u00fablica Democr\u00e1tica do Congo \u00e9 quem tem o caminho mais facilitado. A afiliada da CAF precisa apenas de vencer o advers\u00e1rio que sair por cima do Nova Caled\u00f3nia-Jamaica. A equipa de Chancel Mbemba ficou atr\u00e1s do Senegal no grupo de qualifica\u00e7\u00e3o e j\u00e1 teve que passar por uma eliminat\u00f3ria, contra a Nig\u00e9ria, de modo a manter vivo o sonho de ir ao Mundial pela primeira vez desde que deixou de se denominar Zaire. O antigo central do FC Porto marcou o pen\u00e1lti decisivo nessa eliminat\u00f3ria.<\/p>\n<p>Outros jogadores com destaque s\u00e3o Aaron Wan-Bissacka, lateral direito do West Ham da Premier League, antes do Manchester United. Ou C\u00e9dric Bakambu, avan\u00e7ado do Real Betis.<\/p>\n","protected":false},"excerpt":{"rendered":"J\u00e1 n\u00e3o \u00e9 a Col\u00f4mbia de Juan Valderrama ou Faustino Asprillia que jogou na edi\u00e7\u00e3o de 1994, nos&hellip;\n","protected":false},"author":2,"featured_media":177493,"comment_status":"","ping_status":"","sticky":false,"template":"","format":"standard","meta":{"footnotes":""},"categories":[8],"tags":[27,28,15,16,14,25,26,21,22,12,13,19,20,32,23,24,33,17,18,29,30,31],"class_list":{"0":"post-177492","1":"post","2":"type-post","3":"status-publish","4":"format-standard","5":"has-post-thumbnail","7":"category-principais-noticias","8":"tag-breaking-news","9":"tag-breakingnews","10":"tag-featured-news","11":"tag-featurednews","12":"tag-headlines","13":"tag-latest-news","14":"tag-latestnews","15":"tag-main-news","16":"tag-mainnews","17":"tag-news","18":"tag-noticias","19":"tag-noticias-principais","20":"tag-noticiasprincipais","21":"tag-portugal","22":"tag-principais-noticias","23":"tag-principaisnoticias","24":"tag-pt","25":"tag-top-stories","26":"tag-topstories","27":"tag-ultimas","28":"tag-ultimas-noticias","29":"tag-ultimasnoticias"},"share_on_mastodon":{"url":"https:\/\/pubeurope.com\/@pt\/115671851645761443","error":""},"_links":{"self":[{"href":"https:\/\/www.europesays.com\/pt\/wp-json\/wp\/v2\/posts\/177492","targetHints":{"allow":["GET"]}}],"collection":[{"href":"https:\/\/www.europesays.com\/pt\/wp-json\/wp\/v2\/posts"}],"about":[{"href":"https:\/\/www.europesays.com\/pt\/wp-json\/wp\/v2\/types\/post"}],"author":[{"embeddable":true,"href":"https:\/\/www.europesays.com\/pt\/wp-json\/wp\/v2\/users\/2"}],"replies":[{"embeddable":true,"href":"https:\/\/www.europesays.com\/pt\/wp-json\/wp\/v2\/comments?post=177492"}],"version-history":[{"count":0,"href":"https:\/\/www.europesays.com\/pt\/wp-json\/wp\/v2\/posts\/177492\/revisions"}],"wp:featuredmedia":[{"embeddable":true,"href":"https:\/\/www.europesays.com\/pt\/wp-json\/wp\/v2\/media\/177493"}],"wp:attachment":[{"href":"https:\/\/www.europesays.com\/pt\/wp-json\/wp\/v2\/media?parent=177492"}],"wp:term":[{"taxonomy":"category","embeddable":true,"href":"https:\/\/www.europesays.com\/pt\/wp-json\/wp\/v2\/categories?post=177492"},{"taxonomy":"post_tag","embeddable":true,"href":"https:\/\/www.europesays.com\/pt\/wp-json\/wp\/v2\/tags?post=177492"}],"curies":[{"name":"wp","href":"https:\/\/api.w.org\/{rel}","templated":true}]}}