{"id":177494,"date":"2025-12-06T09:13:18","date_gmt":"2025-12-06T09:13:18","guid":{"rendered":"https:\/\/www.europesays.com\/pt\/177494\/"},"modified":"2025-12-06T09:13:18","modified_gmt":"2025-12-06T09:13:18","slug":"c4-pedro-sobre-gravidez-de-sharam-diniz-sim-o-filho-e-meu","status":"publish","type":"post","link":"https:\/\/www.europesays.com\/pt\/177494\/","title":{"rendered":"C4 Pedro sobre gravidez de Sharam Diniz: &#8220;Sim, o filho \u00e9 meu&#8221;"},"content":{"rendered":"<p>Foi em novembro que <a href=\"https:\/\/selfie.iol.pt\/famosos\/sharam-diniz\/sharam-diniz-esta-gravida-em-lingerie-atriz-exibe-a-barriguinha\/20251116\/69198169d34e3caad84b5793\" target=\"_blank\" rel=\"nofollow noopener\">Sharam Diniz<\/a> revelou que se est\u00e1 gr\u00e1vida.<\/p>\n<p>Na altura do an\u00fancio, a modelo e atriz angolana identificou <a href=\"https:\/\/selfie.iol.pt\/famosos\/c4-pedro\/c4-pedro-chora-a-morte-do-pai\/20231218\/65802b77d34e65afa2f8c5e0\" target=\"_blank\" rel=\"nofollow noopener\">C4 Pedro<\/a> no post partilhado no Instagram e, imediatamente, come\u00e7ou a especula\u00e7\u00e3o de que o cantor seria o pai do beb\u00e9.<\/p>\n<p>A confirma\u00e7\u00e3o chegou agora pela voz do pr\u00f3prio <a href=\"https:\/\/selfie.iol.pt\/ines-gutierrez\/caixa-de-mensagens\/pedro-teixeira-no-proximo-videoclipe-de-c4-pedro\" rel=\"nofollow noopener\" target=\"_blank\">C4 Pedro<\/a>.\u00a0&#8220;Sim, a Sharam Diniz publicou umas imagens da gravidez dela, e sim, o filho \u00e9 meu. Toda a gente sabe&#8221;, disse o m\u00fasico angolano, no Show Biz Talk, da Platina FM.<\/p>\n<p>Contudo, C4 Pedro n\u00e3o quis revelar mais pormenores acerca da rela\u00e7\u00e3o do casal: &#8220;Eu nunca partilharei convosco a minha vida pessoal, a minha vida amorosa. Assistam ao que eu partilho.&#8221;<\/p>\n<p>Recorde-se que C4 Pedro j\u00e1 \u00e9 pai de cinco filhos. J\u00e1 <a href=\"https:\/\/selfie.iol.pt\/famosos\/sharam-diniz\/sharam-diniz-faz-revelacao-surpreendente-nao-foi-facil\/20241129\/6749ceb6d34e94b829080d49\" target=\"_blank\" rel=\"nofollow noopener\">Sharam Diniz<\/a> vai ser m\u00e3e pela primeira vez.<\/p>\n<blockquote class=\"instagram-media\" data-instgrm-captioned=\"\" data-instgrm-permalink=\"https:\/\/www.instagram.com\/reel\/DR0Wx4Sl4yj\/?utm_source=ig_embed&amp;utm_campaign=loading\" data-instgrm-version=\"14\" style=\" background:#FFF; border:0; border-radius:3px; box-shadow:0 0 1px 0 rgba(0,0,0,0.5),0 1px 10px 0 rgba(0,0,0,0.15); margin: 1px; max-width:540px; min-width:326px; padding:0; width:99.375%; width:-webkit-calc(100% - 2px); width:calc(100% - 2px);\">\n<\/blockquote>\n<p>\u00a0<\/p>\n<p>                        <script async src=\"\/\/www.instagram.com\/embed.js\"><\/script><\/p>\n","protected":false},"excerpt":{"rendered":"Foi em novembro que Sharam Diniz revelou que se est\u00e1 gr\u00e1vida. Na altura do an\u00fancio, a modelo e&hellip;\n","protected":false},"author":2,"featured_media":177495,"comment_status":"","ping_status":"","sticky":false,"template":"","format":"standard","meta":{"footnotes":""},"categories":[145],"tags":[1063,813,36688,1710,211,210,114,115,980,1041,17744,32,33,1012,6398],"class_list":{"0":"post-177494","1":"post","2":"type-post","3":"status-publish","4":"format-standard","5":"has-post-thumbnail","7":"category-celebridades","8":"tag-angola","9":"tag-atriz","10":"tag-c4-pedro","11":"tag-cantor","12":"tag-celebridades","13":"tag-celebrities","14":"tag-entertainment","15":"tag-entretenimento","16":"tag-famosos","17":"tag-gravidez","18":"tag-modelo","19":"tag-portugal","20":"tag-pt","21":"tag-selfie","22":"tag-sharam-diniz"},"share_on_mastodon":{"url":"https:\/\/pubeurope.com\/@pt\/115671859372537550","error":""},"_links":{"self":[{"href":"https:\/\/www.europesays.com\/pt\/wp-json\/wp\/v2\/posts\/177494","targetHints":{"allow":["GET"]}}],"collection":[{"href":"https:\/\/www.europesays.com\/pt\/wp-json\/wp\/v2\/posts"}],"about":[{"href":"https:\/\/www.europesays.com\/pt\/wp-json\/wp\/v2\/types\/post"}],"author":[{"embeddable":true,"href":"https:\/\/www.europesays.com\/pt\/wp-json\/wp\/v2\/users\/2"}],"replies":[{"embeddable":true,"href":"https:\/\/www.europesays.com\/pt\/wp-json\/wp\/v2\/comments?post=177494"}],"version-history":[{"count":0,"href":"https:\/\/www.europesays.com\/pt\/wp-json\/wp\/v2\/posts\/177494\/revisions"}],"wp:featuredmedia":[{"embeddable":true,"href":"https:\/\/www.europesays.com\/pt\/wp-json\/wp\/v2\/media\/177495"}],"wp:attachment":[{"href":"https:\/\/www.europesays.com\/pt\/wp-json\/wp\/v2\/media?parent=177494"}],"wp:term":[{"taxonomy":"category","embeddable":true,"href":"https:\/\/www.europesays.com\/pt\/wp-json\/wp\/v2\/categories?post=177494"},{"taxonomy":"post_tag","embeddable":true,"href":"https:\/\/www.europesays.com\/pt\/wp-json\/wp\/v2\/tags?post=177494"}],"curies":[{"name":"wp","href":"https:\/\/api.w.org\/{rel}","templated":true}]}}