{"id":177498,"date":"2025-12-06T09:25:18","date_gmt":"2025-12-06T09:25:18","guid":{"rendered":"https:\/\/www.europesays.com\/pt\/177498\/"},"modified":"2025-12-06T09:25:18","modified_gmt":"2025-12-06T09:25:18","slug":"equipa-da-urgencia-perdeu-11-medicos-e-inverno-sera-pior-observador","status":"publish","type":"post","link":"https:\/\/www.europesays.com\/pt\/177498\/","title":{"rendered":"Equipa da urg\u00eancia perdeu 11 m\u00e9dicos e inverno ser\u00e1 &quot;pior&quot; &#8211; Observador"},"content":{"rendered":"<ol>\n<li><a href=\"https:\/\/news.google.com\/rss\/articles\/CBMi-gFBVV95cUxQTTZpSXpJSGlWNURZV1VNSFJhMy1VR2Y5alNQa1A4RTZNQUFibHlQcXB0c2lZT0VidUo0aW13ZnQ5cW5KaXVmUEFKbFlpLXBrQjllUlFOd1N5MHBwZkEzd3ozYzRDLWNacndwSzBaT2dTSHZPMDFkNlc3VVdNMGFKclZ4SFdnVWd3R0E2clFDVHVmd3FVU2ZudVNKdTJDT0kxUFdxVmlfRVlTQU9XaHk5dU1uckNMNTBzTHlwbUpFeGpLNVdzNXM2TE5wUk5vZFM4aXZQTXJrQWdSMDEzSzdjRTMtRlJPU2hPMDVhVFQxTUNpOWJnTnRTSHhR?oc=5\" target=\"_blank\" rel=\"nofollow noopener\">Equipa da urg\u00eancia perdeu 11 m\u00e9dicos e inverno ser\u00e1 &#8220;pior&#8221;<\/a>&nbsp;&nbsp;Observador<\/li>\n<li><a href=\"https:\/\/news.google.com\/rss\/articles\/CBMiwwFBVV95cUxPQTBxZ1UxaUZiUGlaWTFxeF9pd1VJYVBlTk1JVHlYU1BxOTIwOVE5UWlmaXRFd3dVclJfOU5KQjhOZE40NnBIX1JKVm1CSDdsdUl5dDNPSmwyNU9IeThGdjFxVklpbWhrZWl2bkc4aXJOZnFJbk9jX0ZRRUt5M2ZWd3g5MlV0M1ZocUl6WDQtbXV6V3loYlZ2Y3BKOFl4LWpPajljOVhfZ2YyTEtNNjJBbkxOR0QyQmFIeG52TDU4Q2dEOHc?oc=5\" target=\"_blank\" rel=\"nofollow noopener\">Doentes urgentes com espera de mais de 16 horas na urg\u00eancia geral do Amadora-Sintra<\/a>&nbsp;&nbsp;RTP<\/li>\n<li><a href=\"https:\/\/news.google.com\/rss\/articles\/CBMiggFBVV95cUxNQlNfSWtIcTBOY1Q0RUUzNWlTTmdIRS1qY0VZNWVWNnI4U1lWb1ZIVTIwWnpKX0FjQmR3bnZMSFJVOUlKSWhOSmlHb2Y0WkZRb3lIT2k4R2xuMHVkUUstSDZVcXB0SVZaVVFUSTNqZmtXVWIzMDVmZ1Qzc2IxYmRuTFpn?oc=5\" target=\"_blank\" rel=\"nofollow noopener\">EP 64 | Not\u00edcias do Enoturismo<\/a>&nbsp;&nbsp;SAPO<\/li>\n<li><a href=\"https:\/\/news.google.com\/rss\/articles\/CBMiwAFBVV95cUxQX0tQOEpMRkVmaUduWlQ2ZVJGalNJM2sxZ1dwQ05JbTlfbDA5ak9lejYxSEtwcEhJQ1hhYWZfTDYtcjI4dU1vQUJZYnI4UlA4MkVCTDYtR0J3QnhPOGdORUp2TEdxTmtCanpVd010aGRGQjVwN2NzMkdkYW43emU5emFONDFjaUduNlVSaUEwS0tKbFZvOV9jaWFyMFdHa2N1LXIyWE5RSDdIWlFHZ29NYzBtNFlkX19BNFB3aTJkZU8?oc=5\" target=\"_blank\" rel=\"nofollow noopener\">ULS Amadora\/Sintra prop\u00f5e cria\u00e7\u00e3o de Centro de Responsabilidade Integrado para a Urg\u00eancia<\/a>&nbsp;&nbsp;HealthNews<\/li>\n<li><a href=\"https:\/\/news.google.com\/rss\/articles\/CBMiuAFBVV95cUxPRFVramNrdFhmZ2t5Snl5aFZaNXlUczdVTlJza3YxN1dIalhuTUpuTENHT0ZFclpkRzVSSVYwNUxkUlVKNXdkbXVkYzdJMWdaeFdmZG5UY19ZX2w0UHZCZUNMaGxFeGNCYURTY0djcWZwbFhTVWM5M0Q1QWpsMGUyd3MyNmdpYjhsam1BdUYzV0t1TlBjekFzMkU1RXNneU5BQkJSS2Utc3pGNEtrYzVvZWNaUHhXTFcy0gG-AUFVX3lxTE1ZQ20xOXUtTEFGblRHRjNUUHZhMC1JNWlEQkJBYmwzZHpraGJ2c2hGdy10Ym5uTk5GYVdwX2JXNk11elpmUG1GWVoyRTNPN0dWTzQ1MFI2MnBySVJmV1RmSEJkVFliYjZ1XzZtcE91WDdaS19mR09LNHA1T0dvTGNBc1lOS3JzY2plQjNNYUpCck5zZDhwdVllMFVwOXh0YnM5dmg2ZGo0NFBubTdYWHozQU1vdnI0cFBXSVRXLVE?oc=5\" target=\"_blank\" rel=\"nofollow noopener\">Tempo de espera de 11 horas para utentes urgentes no Hospital de Loures<\/a>&nbsp;&nbsp;Renascen\u00e7a<\/li>\n<\/ol>\n","protected":false},"excerpt":{"rendered":"Equipa da urg\u00eancia perdeu 11 m\u00e9dicos e inverno ser\u00e1 &#8220;pior&#8221;&nbsp;&nbsp;Observador Doentes urgentes com espera de mais de 16&hellip;\n","protected":false},"author":2,"featured_media":176113,"comment_status":"","ping_status":"","sticky":false,"template":"","format":"standard","meta":{"footnotes":""},"categories":[10],"tags":[27,28,15,16,14,25,26,21,22,12,13,19,20,32,23,24,33,17,18,29,30,31],"class_list":{"0":"post-177498","1":"post","2":"type-post","3":"status-publish","4":"format-standard","5":"has-post-thumbnail","7":"category-portugal","8":"tag-breaking-news","9":"tag-breakingnews","10":"tag-featured-news","11":"tag-featurednews","12":"tag-headlines","13":"tag-latest-news","14":"tag-latestnews","15":"tag-main-news","16":"tag-mainnews","17":"tag-news","18":"tag-noticias","19":"tag-noticias-principais","20":"tag-noticiasprincipais","21":"tag-portugal","22":"tag-principais-noticias","23":"tag-principaisnoticias","24":"tag-pt","25":"tag-top-stories","26":"tag-topstories","27":"tag-ultimas","28":"tag-ultimas-noticias","29":"tag-ultimasnoticias"},"share_on_mastodon":{"url":"https:\/\/pubeurope.com\/@pt\/115671906732962796","error":""},"_links":{"self":[{"href":"https:\/\/www.europesays.com\/pt\/wp-json\/wp\/v2\/posts\/177498","targetHints":{"allow":["GET"]}}],"collection":[{"href":"https:\/\/www.europesays.com\/pt\/wp-json\/wp\/v2\/posts"}],"about":[{"href":"https:\/\/www.europesays.com\/pt\/wp-json\/wp\/v2\/types\/post"}],"author":[{"embeddable":true,"href":"https:\/\/www.europesays.com\/pt\/wp-json\/wp\/v2\/users\/2"}],"replies":[{"embeddable":true,"href":"https:\/\/www.europesays.com\/pt\/wp-json\/wp\/v2\/comments?post=177498"}],"version-history":[{"count":0,"href":"https:\/\/www.europesays.com\/pt\/wp-json\/wp\/v2\/posts\/177498\/revisions"}],"wp:featuredmedia":[{"embeddable":true,"href":"https:\/\/www.europesays.com\/pt\/wp-json\/wp\/v2\/media\/176113"}],"wp:attachment":[{"href":"https:\/\/www.europesays.com\/pt\/wp-json\/wp\/v2\/media?parent=177498"}],"wp:term":[{"taxonomy":"category","embeddable":true,"href":"https:\/\/www.europesays.com\/pt\/wp-json\/wp\/v2\/categories?post=177498"},{"taxonomy":"post_tag","embeddable":true,"href":"https:\/\/www.europesays.com\/pt\/wp-json\/wp\/v2\/tags?post=177498"}],"curies":[{"name":"wp","href":"https:\/\/api.w.org\/{rel}","templated":true}]}}