{"id":177507,"date":"2025-12-06T09:40:54","date_gmt":"2025-12-06T09:40:54","guid":{"rendered":"https:\/\/www.europesays.com\/pt\/177507\/"},"modified":"2025-12-06T09:40:54","modified_gmt":"2025-12-06T09:40:54","slug":"lisboa-falsa-ameaca-de-bomba-evacua-edificio-da-camara-observador","status":"publish","type":"post","link":"https:\/\/www.europesays.com\/pt\/177507\/","title":{"rendered":"Lisboa. Falsa amea\u00e7a de bomba evacua edif\u00edcio da c\u00e2mara \u2013 Observador"},"content":{"rendered":"<p>A Pol\u00edcia de Seguran\u00e7a P\u00fablica (PSP) foi mobilizada esta sexta-feira para uma amea\u00e7a de bomba no\u00a0edif\u00edcio Central do Campo Grande, onde est\u00e3o concentrados v\u00e1rios servi\u00e7os da C\u00e2mara Municipal de Lisboa, confirmou o Observador junto de fonte policial.<\/p>\n<p>O edif\u00edcio come\u00e7ou a ser evacuado pelas 13h20, quando se recebeu o alerta para a presen\u00e7a de uma bomba no edif\u00edcio. Estando a pol\u00edcia no local, foi poss\u00edvel determinar que a amea\u00e7a era falsa e menos de uma hora depois, \u00e0s 14h20, os funcion\u00e1rios j\u00e1 estavam a regressar \u00e0s instala\u00e7\u00f5es dos servi\u00e7os municipais.<\/p>\n<p>Fonte da PSP n\u00e3o explicou, para j\u00e1, qual foi a origem da amea\u00e7a.<\/p>\n","protected":false},"excerpt":{"rendered":"A Pol\u00edcia de Seguran\u00e7a P\u00fablica (PSP) foi mobilizada esta sexta-feira para uma amea\u00e7a de bomba no\u00a0edif\u00edcio Central do&hellip;\n","protected":false},"author":2,"featured_media":177508,"comment_status":"","ping_status":"","sticky":false,"template":"","format":"standard","meta":{"footnotes":""},"categories":[10],"tags":[36689,27,28,6171,15,16,14,25,26,797,21,22,62,12,13,19,20,57,2003,32,23,24,1306,33,2004,58,8270,17,18,29,30,31],"class_list":{"0":"post-177507","1":"post","2":"type-post","3":"status-publish","4":"format-standard","5":"has-post-thumbnail","7":"category-portugal","8":"tag-ameau00e7a-de-bomba","9":"tag-breaking-news","10":"tag-breakingnews","11":"tag-cu00e2mara-municipal-lisboa","12":"tag-featured-news","13":"tag-featurednews","14":"tag-headlines","15":"tag-latest-news","16":"tag-latestnews","17":"tag-lisboa","18":"tag-main-news","19":"tag-mainnews","20":"tag-mundo","21":"tag-news","22":"tag-noticias","23":"tag-noticias-principais","24":"tag-noticiasprincipais","25":"tag-pau00eds","26":"tag-polu00edcia","27":"tag-portugal","28":"tag-principais-noticias","29":"tag-principaisnoticias","30":"tag-psp","31":"tag-pt","32":"tag-seguranu00e7a","33":"tag-sociedade","34":"tag-terrorismo","35":"tag-top-stories","36":"tag-topstories","37":"tag-ultimas","38":"tag-ultimas-noticias","39":"tag-ultimasnoticias"},"share_on_mastodon":{"url":"","error":"Validation failed: Text character limit of 500 exceeded"},"_links":{"self":[{"href":"https:\/\/www.europesays.com\/pt\/wp-json\/wp\/v2\/posts\/177507","targetHints":{"allow":["GET"]}}],"collection":[{"href":"https:\/\/www.europesays.com\/pt\/wp-json\/wp\/v2\/posts"}],"about":[{"href":"https:\/\/www.europesays.com\/pt\/wp-json\/wp\/v2\/types\/post"}],"author":[{"embeddable":true,"href":"https:\/\/www.europesays.com\/pt\/wp-json\/wp\/v2\/users\/2"}],"replies":[{"embeddable":true,"href":"https:\/\/www.europesays.com\/pt\/wp-json\/wp\/v2\/comments?post=177507"}],"version-history":[{"count":0,"href":"https:\/\/www.europesays.com\/pt\/wp-json\/wp\/v2\/posts\/177507\/revisions"}],"wp:featuredmedia":[{"embeddable":true,"href":"https:\/\/www.europesays.com\/pt\/wp-json\/wp\/v2\/media\/177508"}],"wp:attachment":[{"href":"https:\/\/www.europesays.com\/pt\/wp-json\/wp\/v2\/media?parent=177507"}],"wp:term":[{"taxonomy":"category","embeddable":true,"href":"https:\/\/www.europesays.com\/pt\/wp-json\/wp\/v2\/categories?post=177507"},{"taxonomy":"post_tag","embeddable":true,"href":"https:\/\/www.europesays.com\/pt\/wp-json\/wp\/v2\/tags?post=177507"}],"curies":[{"name":"wp","href":"https:\/\/api.w.org\/{rel}","templated":true}]}}