{"id":177509,"date":"2025-12-06T09:41:28","date_gmt":"2025-12-06T09:41:28","guid":{"rendered":"https:\/\/www.europesays.com\/pt\/177509\/"},"modified":"2025-12-06T09:41:28","modified_gmt":"2025-12-06T09:41:28","slug":"ucrania-a-ultima-barreira-dificil-de-segurar","status":"publish","type":"post","link":"https:\/\/www.europesays.com\/pt\/177509\/","title":{"rendered":"Ucr\u00e2nia: a \u201c\u00faltima barreira\u201d dif\u00edcil de segurar"},"content":{"rendered":"<p class=\"texto\">Os 27 Estados-membros da Uni\u00e3o Europeia (UE) t\u00eam duas semanas para decidir o empr\u00e9stimo de \u20ac90 mil milh\u00f5es para a Ucr\u00e2nia, com ou sem dinheiro russo. Us\u00e1-lo para financiar Kiev refor\u00e7a ou enfraquece o pa\u00eds \u00e0 mesa das negocia\u00e7\u00f5es de paz? A resposta a esta quest\u00e3o dever\u00e1 pesar na decis\u00e3o dos dirigentes europeus na cimeira de 18 e 19 de dezembro, quando forem chamados a aprovar o modelo de empr\u00e9stimo para a Ucr\u00e2nia resistir em 2026 e 2027. <\/p>\n<p><a href=\"https:\/\/expresso.pt\/subscrever?action=GEN&amp;channel=BAF&amp;type=CAP&amp;source=WEB&amp;returnUrl=https:\/\/expresso.pt\/internacional\/guerra-na-ucrania\/2025-12-04-ucrania-a-ultima-barreira-dificil-de-segurar-34f73941&amp;utm_source=expresso&amp;utm_medium=locked_article&amp;locked=true&amp;article_id=d955db2d-9f78-4b22-b304-8e20a8bc1026&amp;author_id=Ana+Fran\u00e7a,Susana+Frexes,+enviada+ao+M\u00f3naco&amp;category=Guerra+na+Ucr\u00e2nia\" target=\"_self\" class=\"\" rel=\"nofollow noopener\">Subscrever<\/a>J\u00e1 \u00e9 Subscritor?Fa\u00e7a login e continue a ler<a href=\"http:\/\/expresso.pt\/codigo?redirectUrl=https:\/\/expresso.pt\/internacional\/guerra-na-ucrania\/2025-12-04-ucrania-a-ultima-barreira-dificil-de-segurar-34f73941\" target=\"_self\" class=\"\" rel=\"nofollow noopener\">Inserir C\u00f3digo<\/a>Comprou o Expresso?Insira o c\u00f3digo presente na Revista E para continuar a ler<\/p>\n","protected":false},"excerpt":{"rendered":"Os 27 Estados-membros da Uni\u00e3o Europeia (UE) t\u00eam duas semanas para decidir o empr\u00e9stimo de \u20ac90 mil milh\u00f5es&hellip;\n","protected":false},"author":2,"featured_media":177510,"comment_status":"","ping_status":"","sticky":false,"template":"","format":"standard","meta":{"footnotes":""},"categories":[8],"tags":[27,28,15,16,14,25,26,21,22,12,13,19,20,32,23,24,33,17,18,29,30,31],"class_list":{"0":"post-177509","1":"post","2":"type-post","3":"status-publish","4":"format-standard","5":"has-post-thumbnail","7":"category-principais-noticias","8":"tag-breaking-news","9":"tag-breakingnews","10":"tag-featured-news","11":"tag-featurednews","12":"tag-headlines","13":"tag-latest-news","14":"tag-latestnews","15":"tag-main-news","16":"tag-mainnews","17":"tag-news","18":"tag-noticias","19":"tag-noticias-principais","20":"tag-noticiasprincipais","21":"tag-portugal","22":"tag-principais-noticias","23":"tag-principaisnoticias","24":"tag-pt","25":"tag-top-stories","26":"tag-topstories","27":"tag-ultimas","28":"tag-ultimas-noticias","29":"tag-ultimasnoticias"},"share_on_mastodon":{"url":"https:\/\/pubeurope.com\/@pt\/115671969759220937","error":""},"_links":{"self":[{"href":"https:\/\/www.europesays.com\/pt\/wp-json\/wp\/v2\/posts\/177509","targetHints":{"allow":["GET"]}}],"collection":[{"href":"https:\/\/www.europesays.com\/pt\/wp-json\/wp\/v2\/posts"}],"about":[{"href":"https:\/\/www.europesays.com\/pt\/wp-json\/wp\/v2\/types\/post"}],"author":[{"embeddable":true,"href":"https:\/\/www.europesays.com\/pt\/wp-json\/wp\/v2\/users\/2"}],"replies":[{"embeddable":true,"href":"https:\/\/www.europesays.com\/pt\/wp-json\/wp\/v2\/comments?post=177509"}],"version-history":[{"count":0,"href":"https:\/\/www.europesays.com\/pt\/wp-json\/wp\/v2\/posts\/177509\/revisions"}],"wp:featuredmedia":[{"embeddable":true,"href":"https:\/\/www.europesays.com\/pt\/wp-json\/wp\/v2\/media\/177510"}],"wp:attachment":[{"href":"https:\/\/www.europesays.com\/pt\/wp-json\/wp\/v2\/media?parent=177509"}],"wp:term":[{"taxonomy":"category","embeddable":true,"href":"https:\/\/www.europesays.com\/pt\/wp-json\/wp\/v2\/categories?post=177509"},{"taxonomy":"post_tag","embeddable":true,"href":"https:\/\/www.europesays.com\/pt\/wp-json\/wp\/v2\/tags?post=177509"}],"curies":[{"name":"wp","href":"https:\/\/api.w.org\/{rel}","templated":true}]}}