{"id":177512,"date":"2025-12-06T09:47:13","date_gmt":"2025-12-06T09:47:13","guid":{"rendered":"https:\/\/www.europesays.com\/pt\/177512\/"},"modified":"2025-12-06T09:47:13","modified_gmt":"2025-12-06T09:47:13","slug":"chris-pratt-roda-documentario-sobre-o-tumulo-do-apostolo-pedro","status":"publish","type":"post","link":"https:\/\/www.europesays.com\/pt\/177512\/","title":{"rendered":"Chris Pratt roda document\u00e1rio sobre o t\u00famulo do Ap\u00f3stolo Pedro"},"content":{"rendered":"<p>O ator estadunidense est\u00e1 gravando neste dias um itiner\u00e1rio com a descoberta da Necr\u00f3pole Vaticana, sob a Bas\u00edlica de S\u00e3o Pedro. Trata-se de um document\u00e1rio produzido por Vatican Media, Fabbrca di San Pietro e AF Films, que ser\u00e1 lan\u00e7ado em 2026, no 400\u00ba anivers\u00e1rio da inaugura\u00e7\u00e3o e dedica\u00e7\u00e3o da atual Bas\u00edlica.<\/p>\n<p><b>Vatican News<\/b><\/p>\n<p>As filmagens est\u00e3o em andamento na Bas\u00edlica de S\u00e3o Pedro e na Necr\u00f3pole Vaticana para um document\u00e1rio produzido por Vatican Media do Dicast\u00e9rio para a Comunica\u00e7\u00e3o, Fabbrica di San Pietro e a AF Films (Frank Ariza e Manu Vega), dedicado \u00e0 descoberta do t\u00famulo do Ap\u00f3stolo.<\/p>\n<p>O ator estadunidense Chris Pratt guiar\u00e1 os espectadores nesta fascinante e singular itiner\u00e1rio de f\u00e9, hist\u00f3ria e arqueologia. &#8220;\u00c9 uma honra extraordin\u00e1ria&#8221;, afirmou Pratt ao Vatican News, &#8220;colaborar com o Papa Le\u00e3o XIV e o Vaticano neste projeto. A hist\u00f3ria de S\u00e3o Pedro \u00e9 central para a f\u00e9 crist\u00e3, e sou profundamente grato pela confian\u00e7a e pelo acesso que me foram concedidos para ajudar a levar seu legado para as telas.&#8221;<\/p>\n<p>A AF Films confiou a dire\u00e7\u00e3o deste projeto \u00e0 diretora espanhola Paula Ortiz. O document\u00e1rio, escrito por Andrea Tornielli com a assist\u00eancia de Pietro Zander, ser\u00e1 lan\u00e7ado em 2026, no 400\u00ba anivers\u00e1rio da inaugura\u00e7\u00e3o e dedica\u00e7\u00e3o da atual Bas\u00edlica de S\u00e3o Pedro, que ocorreu em 18 de novembro de 1626.<\/p>\n<p>A hist\u00f3ria da Bas\u00edlica est\u00e1 intrinsecamente ligada \u00e0 vida de Pedro, o pescador da Galileia a quem Jesus confiou a lideran\u00e7a da Igreja, que foi martirizado em Roma, na Colina vaticana, em 64 d.C. Desde os primeiros s\u00e9culos, seu local de sepultamento tornou-se meta de peregrina\u00e7\u00e3o, devo\u00e7\u00e3o e culto: muitos crist\u00e3os desejavam ser sepultados ao seu lado.<\/p>\n<p>Passo a passo, em uma emocionante viagem no tempo, por meio de imagens exclusivas e in\u00e9ditas, o espectador ser\u00e1 conduzido a um envolvente percurso que o levar\u00e1 \u00e0 descoberta do t\u00famulo de Pedro, que o Imperador Constantino quis preservar, nivelando a Colina vaticana para construir a primeira grande Bas\u00edlica, que englobou a \u00e1rea do t\u00famulo.<\/p>\n<p>Por meio de evid\u00eancias hist\u00f3ricas e descobertas arqueol\u00f3gicas, seremos guiados \u00e0 identifica\u00e7\u00e3o do local de sepultamento do Ap\u00f3stolo na Necr\u00f3pole Vaticana, oficialmente anunciado em 1950 por Pio XII, o Papa que dez anos antes havia ordenado escava\u00e7\u00f5es sob a Bas\u00edlica.<\/p>\n<p>Pesquisas subsequentes levaram Paulo VI, em 1968, a anunciar ao mundo a descoberta dos ossos: &#8220;As rel\u00edquias de Pedro &#8211; afirmou o Pont\u00edfice &#8211; foram identificadas de uma forma que podemos considerar convincente&#8230; Temos raz\u00f5es para crer que os poucos, mas sacrossantos, restos mortais do Pr\u00edncipe dos Ap\u00f3stolos foram localizados.&#8221;<\/p>\n","protected":false},"excerpt":{"rendered":"O ator estadunidense est\u00e1 gravando neste dias um itiner\u00e1rio com a descoberta da Necr\u00f3pole Vaticana, sob a Bas\u00edlica&hellip;\n","protected":false},"author":2,"featured_media":177513,"comment_status":"","ping_status":"","sticky":false,"template":"","format":"standard","meta":{"footnotes":""},"categories":[140],"tags":[36514,315,31940,114,115,147,148,146,32,33],"class_list":{"0":"post-177512","1":"post","2":"type-post","3":"status-publish","4":"format-standard","5":"has-post-thumbnail","7":"category-filmes","8":"tag-basilica-de-sao-pedro","9":"tag-cultura","10":"tag-dicasterio-para-a-comunicacao","11":"tag-entertainment","12":"tag-entretenimento","13":"tag-film","14":"tag-filmes","15":"tag-movies","16":"tag-portugal","17":"tag-pt"},"share_on_mastodon":{"url":"https:\/\/pubeurope.com\/@pt\/115671993058258468","error":""},"_links":{"self":[{"href":"https:\/\/www.europesays.com\/pt\/wp-json\/wp\/v2\/posts\/177512","targetHints":{"allow":["GET"]}}],"collection":[{"href":"https:\/\/www.europesays.com\/pt\/wp-json\/wp\/v2\/posts"}],"about":[{"href":"https:\/\/www.europesays.com\/pt\/wp-json\/wp\/v2\/types\/post"}],"author":[{"embeddable":true,"href":"https:\/\/www.europesays.com\/pt\/wp-json\/wp\/v2\/users\/2"}],"replies":[{"embeddable":true,"href":"https:\/\/www.europesays.com\/pt\/wp-json\/wp\/v2\/comments?post=177512"}],"version-history":[{"count":0,"href":"https:\/\/www.europesays.com\/pt\/wp-json\/wp\/v2\/posts\/177512\/revisions"}],"wp:featuredmedia":[{"embeddable":true,"href":"https:\/\/www.europesays.com\/pt\/wp-json\/wp\/v2\/media\/177513"}],"wp:attachment":[{"href":"https:\/\/www.europesays.com\/pt\/wp-json\/wp\/v2\/media?parent=177512"}],"wp:term":[{"taxonomy":"category","embeddable":true,"href":"https:\/\/www.europesays.com\/pt\/wp-json\/wp\/v2\/categories?post=177512"},{"taxonomy":"post_tag","embeddable":true,"href":"https:\/\/www.europesays.com\/pt\/wp-json\/wp\/v2\/tags?post=177512"}],"curies":[{"name":"wp","href":"https:\/\/api.w.org\/{rel}","templated":true}]}}