{"id":177524,"date":"2025-12-06T10:09:26","date_gmt":"2025-12-06T10:09:26","guid":{"rendered":"https:\/\/www.europesays.com\/pt\/177524\/"},"modified":"2025-12-06T10:09:26","modified_gmt":"2025-12-06T10:09:26","slug":"17-sugestoes-a-borla-para-aproveitar-o-fim-de-semana-prolongado-em-cascais-new-in-cascais","status":"publish","type":"post","link":"https:\/\/www.europesays.com\/pt\/177524\/","title":{"rendered":"17 sugest\u00f5es (\u00e0 borla) para aproveitar o fim de semana prolongado em Cascais \u2014 New in Cascais"},"content":{"rendered":"<p>Com a chegada do m\u00eas de dezembro, come\u00e7a oficialmente a contagem decrescente para o Natal. E nada melhor para contar os dias at\u00e9 \u00e0 chegada do Pai Natal do que com as atividades tem\u00e1ticas para toda a fam\u00edlia. Por isso, aproveite mais um fim de semana prolongado, de 6 a 8 de dezembro, e explore as melhores sugest\u00f5es gratuitas pelo concelho de Cascais.\u00a0<\/p>\n<p>Uma delas \u00e9 mais um mercado de Natal, o Arte Mix, no Mercado da Vila de Cascais, a 8 de dezembro. A proposta promete explorar a comunidade art\u00edstica de marcas portuguesas com bancas gourmet, artesanato urbano, bijuteria, cer\u00e2mica, carpintaria e muito mais.\u00a0<\/p>\n<p>Al\u00e9m disso, a programa\u00e7\u00e3o inclui uma tarde repleta de atividades, tais como apresenta\u00e7\u00e3o de workshops, concertos, palestras e ainda leitura de hist\u00f3rias. O mercado acontece das 14 \u00e0s 19 horas.\u00a0<\/p>\n<p>Caso procure novas propostas de mercados, este fim de semana poder\u00e1 passar pelo Sheraton Cascais, assim como pelo Mercado da Vila ou no Mercado de Carcavelos.\u00a0<\/p>\n<p>A pensar nos mi\u00fados, uma das sugest\u00f5es \u00e9 a CascaisLand no CascaiShopping, que tem at\u00e9 ao final de dezembro v\u00e1rias propostas. O espa\u00e7o \u201cir\u00e1 tornar-se um parque tem\u00e1tico natal\u00edcio, oferecendo experi\u00eancias criativas e divertidas para os mais novos\u201d. Este fim de semana h\u00e1 pinturas faciais e workshop de escrita na carta ao Pai Natal.<\/p>\n<p>Confira abaixo as nossas sugest\u00f5es gratuitas para o fim de semana.<\/p>\n<p>S\u00e1bado, 6 de dezembro<\/p>\n<p><strong>10 horas<\/strong> \u2014 Mercado de <a href=\"https:\/\/newincascais.nit.pt\/comida\/natal-invade-sheraton-cascais-com-mercado-inedito-e-jantar-especial\" rel=\"nofollow noopener\" target=\"_blank\">Natal<\/a> no Sheraton Cascais.<\/p>\n<p><strong>10h30 \u00e0s 12 horas<\/strong> \u2014 Clube de Leitura \u201cOs Limpa-Palavras\u201d na Biblioteca Municipal de S. Domingos de Rana. As inscri\u00e7\u00f5es podem ser feitas atrav\u00e9s do email (bsdr@nullcm-cascais.pt).<\/p>\n<p><strong>11 \u00e0s 21 horas<\/strong> \u2014 Mercado de Natal 2025.<\/p>\n<p><strong>11 horas \u00e0s 12h30<\/strong> \u2014 Pinturas faciais no CascaisLand by McDonald\u2019s.<\/p>\n<p><strong>15h30 \u00e0s 16h20<\/strong> \u2014 Teatro infantil pela Associa\u00e7\u00e3o ProtagonizaMagia \u201cOnde est\u00e1 o Pai Natal?\u201d na Biblioteca Municipal de Cascais. As inscri\u00e7\u00f5es podem ser feitas <a href=\"https:\/\/cultura.cascais.pt\/webform\/espetaculo-onde-esta-o-pai-natal\" target=\"_blank\" rel=\"nofollow noopener\">online<\/a>.<\/p>\n<p><strong>17 \u00e0s 18 horas<\/strong> \u2014 Cascais Christmas Parade do Parque Marechal Carmona at\u00e9 \u00e0 ba\u00eda.<\/p>\n<p><strong>18 \u00e0s 19 horas<\/strong> \u2014 Concertos de Natal 2025 no Grupo Recreativo e Dram\u00e1tico 1\u00ba de Maio, Tires em S\u00e3o Domingos de Rana.<\/p>\n<p>Domingo, 7 de dezembro<\/p>\n<p><strong>10 horas<\/strong> \u2014 Feira da Bagageira no Mercado da Vila de Cascais e no\u00a0Mercado de Carcavelos.\u00a0<\/p>\n<p><strong>11 \u00e0s 20 horas<\/strong> \u2014 Mercado de Natal 2025.<\/p>\n<p><strong>14h30 \u00e0s 15h30<\/strong> \u2014 Escrita da carta ao Pai Natal no CascaisLand by McDonald\u2019s.<\/p>\n<p><strong>15h30 \u00e0s 17h30<\/strong> \u2014 Lan\u00e7amento do livro \u201cO suspiro da Amaz\u00f4nia\u201d, da autoria de Guta Yung na Biblioteca Municipal de Cascais.<\/p>\n<p><strong>17 \u00e0s 18 horas<\/strong> \u2014 Cascais Christmas Parade do Parque Marechal Carmona at\u00e9 \u00e0 ba\u00eda.<\/p>\n<p>Segunda-feira, 8 de dezembro<\/p>\n<p><strong>A definir<\/strong> \u2014 33\u00ba Trof\u00e9u de Atletismo de Cascais.<\/p>\n<p><strong>10h30 \u00e0s 12 horas e das 14 horas \u00e0s 15h30<\/strong> \u2014 F\u00e9rias no Bairro \u201cNatal dos Pescadores\u201d \u2014 Museu do Mar Rei D. Carlos.<\/p>\n<p><strong>11 \u00e0s 20 horas<\/strong> \u2014 Mercado de Natal 2025.<\/p>\n<p><strong>14 \u00e0s 19 horas<\/strong> \u2014 Mercado Arte Mix no Mercado da Vila de Cascais. As inscri\u00e7\u00f5es podem ser feitas <a href=\"https:\/\/forms.office.com\/pages\/responsepage.aspx?id=sSh3O481L0S3ycOiXoUULGeoecb5dDtGpzBEO-pZ4aNUMTdDNFFaUlZIV1lZQk5UV1BSRlVWQ1AyRy4u&amp;route=shorturl\" target=\"_blank\" rel=\"nofollow noopener\">online<\/a>.\u00a0<\/p>\n<p><strong>17 \u00e0s 18 horas<\/strong> \u2014 Cascais Christmas Parade do Parque Marechal Carmona at\u00e9 \u00e0 ba\u00eda.<\/p>\n<p>Carregue na galeria para conhecer as novas pe\u00e7as de Natal dispon\u00edveis na Vila\u00e7a Interiores e Kaizen Living Design.\u00a0<\/p>\n","protected":false},"excerpt":{"rendered":"Com a chegada do m\u00eas de dezembro, come\u00e7a oficialmente a contagem decrescente para o Natal. E nada melhor&hellip;\n","protected":false},"author":2,"featured_media":177525,"comment_status":"","ping_status":"","sticky":false,"template":"","format":"standard","meta":{"footnotes":""},"categories":[10],"tags":[27,28,15,16,14,25,26,21,22,12,13,19,20,32,23,24,33,17,18,29,30,31],"class_list":{"0":"post-177524","1":"post","2":"type-post","3":"status-publish","4":"format-standard","5":"has-post-thumbnail","7":"category-portugal","8":"tag-breaking-news","9":"tag-breakingnews","10":"tag-featured-news","11":"tag-featurednews","12":"tag-headlines","13":"tag-latest-news","14":"tag-latestnews","15":"tag-main-news","16":"tag-mainnews","17":"tag-news","18":"tag-noticias","19":"tag-noticias-principais","20":"tag-noticiasprincipais","21":"tag-portugal","22":"tag-principais-noticias","23":"tag-principaisnoticias","24":"tag-pt","25":"tag-top-stories","26":"tag-topstories","27":"tag-ultimas","28":"tag-ultimas-noticias","29":"tag-ultimasnoticias"},"share_on_mastodon":{"url":"https:\/\/pubeurope.com\/@pt\/115672079761572420","error":""},"_links":{"self":[{"href":"https:\/\/www.europesays.com\/pt\/wp-json\/wp\/v2\/posts\/177524","targetHints":{"allow":["GET"]}}],"collection":[{"href":"https:\/\/www.europesays.com\/pt\/wp-json\/wp\/v2\/posts"}],"about":[{"href":"https:\/\/www.europesays.com\/pt\/wp-json\/wp\/v2\/types\/post"}],"author":[{"embeddable":true,"href":"https:\/\/www.europesays.com\/pt\/wp-json\/wp\/v2\/users\/2"}],"replies":[{"embeddable":true,"href":"https:\/\/www.europesays.com\/pt\/wp-json\/wp\/v2\/comments?post=177524"}],"version-history":[{"count":0,"href":"https:\/\/www.europesays.com\/pt\/wp-json\/wp\/v2\/posts\/177524\/revisions"}],"wp:featuredmedia":[{"embeddable":true,"href":"https:\/\/www.europesays.com\/pt\/wp-json\/wp\/v2\/media\/177525"}],"wp:attachment":[{"href":"https:\/\/www.europesays.com\/pt\/wp-json\/wp\/v2\/media?parent=177524"}],"wp:term":[{"taxonomy":"category","embeddable":true,"href":"https:\/\/www.europesays.com\/pt\/wp-json\/wp\/v2\/categories?post=177524"},{"taxonomy":"post_tag","embeddable":true,"href":"https:\/\/www.europesays.com\/pt\/wp-json\/wp\/v2\/tags?post=177524"}],"curies":[{"name":"wp","href":"https:\/\/api.w.org\/{rel}","templated":true}]}}