{"id":177526,"date":"2025-12-06T10:10:29","date_gmt":"2025-12-06T10:10:29","guid":{"rendered":"https:\/\/www.europesays.com\/pt\/177526\/"},"modified":"2025-12-06T10:10:29","modified_gmt":"2025-12-06T10:10:29","slug":"europa-reforca-a-sua-propria-industria-de-defesa-e-irrita-washington","status":"publish","type":"post","link":"https:\/\/www.europesays.com\/pt\/177526\/","title":{"rendered":"Europa refor\u00e7a a sua pr\u00f3pria ind\u00fastria de defesa e irrita Washington"},"content":{"rendered":"<p>Para se rearmar, a Europa compra armas, mas a quem? Ap\u00f3s o in\u00edcio da invas\u00e3o russa em grande escala \u00e0 Ucr\u00e2nia, o ent\u00e3o chanceler federal Olaf Scholz (SPD) anunciou uma viragem hist\u00f3rica: al\u00e9m da independ\u00eancia energ\u00e9tica, a Alemanha deve ter tamb\u00e9m uma capacidade de seguran\u00e7a e defesa pr\u00f3pria mais eficaz.<\/p>\n<p>Desde ent\u00e3o, tem havido um refor\u00e7o do armamento.<\/p>\n<p>Atualmente, o projeto de or\u00e7amento para 2026 prev\u00ea despesas com a defesa no valor total de cerca de 108,2 mil milh\u00f5es de euros. Esse montante divide-se em 82,7 mil milh\u00f5es de euros do or\u00e7amento regular da defesa e 25,5 mil milh\u00f5es de euros do fundo especial das For\u00e7as Armadas.<\/p>\n<p>A maior parte dos contratos de aquisi\u00e7\u00e3o dever\u00e1 ser adjudicada a fabricantes europeus. Apenas cerca de oito por cento ser\u00e3o comprados nos EUA, tal como a Euronews <a href=\"https:\/\/pt.euronews.com\/business\/2025\/09\/28\/a-europa-em-primeiro-lugar-berlim-aposta-na-industria-de-defesa-europeia-em-vez-das-armas-\" rel=\"nofollow noopener\" target=\"_blank\">noticiou em setembro<\/a>.<\/p>\n<p>Numa reuni\u00e3o da NATO, o vice-secret\u00e1rio de Estado norte-americano Christopher Landau criticou os pa\u00edses europeus por darem prioridade \u00e0s suas pr\u00f3prias ind\u00fastrias de defesa em detrimento dos fornecedores norte-americanos, como noticiou o Politico. Landau criticou os pa\u00edses europeus por darem prioridade \u00e0s suas pr\u00f3prias ind\u00fastrias de defesa em detrimento dos fornecedores norte-americanos.<\/p>\n<p>Entre 2020 e 2024, foram importadas dos EUA para a Europa, incluindo a Ucr\u00e2nia, tr\u00eas vezes mais armas do que nos cinco anos anteriores. A quota das exporta\u00e7\u00f5es de armas dos EUA para a Europa aumentou de 13 para 35 por cento. A Alemanha aumentou as suas importa\u00e7\u00f5es em 334%, sendo cerca de 70% provenientes dos EUA.<\/p>\n<p>&#8220;A Alemanha deve comprar o seu equipamento de defesa em fun\u00e7\u00e3o daquilo que d\u00e1 \u00e0 Bundeswehr a melhor capacidade&#8221;, afirmou o antigo general norte-americano Ben Hodges, numa entrevista recente \u00e0 Euronews.<\/p>\n<p>Embora Berlim confie nas organiza\u00e7\u00f5es de defesa locais, estas n\u00e3o podem &#8211; ou n\u00e3o querem &#8211; produzir tudo o que o ex\u00e9rcito necessita. \u00c9 o caso, por exemplo, do ca\u00e7a F35, 35 dos quais foram comprados \u00e0 Lockheed Martin, empresa americana de defesa, atrav\u00e9s de fundos especiais.<\/p>\n<p>Devido \u00e0s tecnologias altamente complexas e confidenciais do avi\u00e3o de combate, a produ\u00e7\u00e3o fora dos EUA n\u00e3o \u00e9 poss\u00edvel. Al\u00e9m disso, instala\u00e7\u00f5es de produ\u00e7\u00e3o especiais, restri\u00e7\u00f5es legais \u00e0 exporta\u00e7\u00e3o (ITAR) e interesses estrat\u00e9gicos impedem que o ca\u00e7a seja fabricado no estrangeiro.<\/p>\n<p>J\u00e1 foi debatido se os jactos europeus, como o Gripen sueco, poderiam substituir o F-35. Mas mesmo isso n\u00e3o \u00e9 t\u00e3o f\u00e1cil como parece.<\/p>\n<p>Segundo consta, o F-35A &#8211; ou seja, o modelo que a Bundeswehr tamb\u00e9m ir\u00e1 receber &#8211; est\u00e1 certificado para transportar a bomba nuclear norte-americana B61-12. Isto significa que o jato \u00e9 capaz de transportar tanto armas convencionais como nucleares e \u00e9 visto como uma potencial plataforma sucessora de avi\u00f5es mais antigos com capacidade nuclear, como o Tornado, no \u00e2mbito do programa de partilha nuclear da NATO.<\/p>\n<p>Como parte da participa\u00e7\u00e3o nuclear, os EUA estacionaram armas nucleares em B\u00fcchel, na Ren\u00e2nia-Palatinado, onde se encontra a base a\u00e9rea de B\u00fcchel, sede do Esquadr\u00e3o T\u00e1tico A\u00e9reo 33 da For\u00e7a A\u00e9rea Alem\u00e3. Embora seja um \u201csegredo aberto\u201d que as bombas nucleares est\u00e3o estacionadas l\u00e1, isso ainda n\u00e3o foi confirmado oficialmente pelos EUA.<\/p>\n<p>De 2 a 3,5 a 5 %<\/p>\n<p>Ainda antes do seu primeiro mandato, o presidente dos Estados Unidos, Donald Trump, apelou a que a Europa se mantenha de p\u00e9 no que diz respeito \u00e0 defesa. Tal como o poss\u00edvel apoio dos EUA no caso de uma alian\u00e7a, que j\u00e1 tinha questionado em 2016.<\/p>\n<p>&#8220;N\u00e3o quero que se aproveitem de mim&#8221;, disse Trump num evento de campanha em 2016: &#8220;N\u00f3s protegemos os pa\u00edses e depois aparecem estas pessoas est\u00fapidas e dizem: &#8216;Mas n\u00f3s temos um tratado&#8217;. Eu respondi: &#8216;Sim, eles tamb\u00e9m t\u00eam um tratado &#8211; eles t\u00eam de pagar'&#8221;.<\/p>\n<p>No ano passado, a Alemanha atingiu pela primeira vez a meta de 2% da NATO, segundo a qual todos os Estados-Membros devem gastar permanentemente pelo menos 2% do seu produto interno bruto (PIB) em defesa. No entanto, este ano, Trump exigiu gastos com defesa no valor de 5% do PIB. Em junho deste ano, os Estados-Membros chegaram a um acordo de 3,5%. De acordo com o Minist\u00e9rio da Defesa, a Alemanha dever\u00e1 atingir esse n\u00famero em 2029.<\/p>\n<p>Segundo as suas pr\u00f3prias informa\u00e7\u00f5es, o Minist\u00e9rio planeia para 2026 despesas superiores a 108 mil milh\u00f5es de euros para as For\u00e7as Armadas, incluindo material, equipamento, infraestruturas e aumento de pessoal, com uma tend\u00eancia ascendente para cerca de 152 mil milh\u00f5es de euros em 2029, o que corresponde a uma triplica\u00e7\u00e3o em rela\u00e7\u00e3o a 2023.<\/p>\n<p>O Bundestag aprovou o or\u00e7amento da defesa para 2026 no final de novembro: 82,69 mil milh\u00f5es de euros ser\u00e3o disponibilizados pela sec\u00e7\u00e3o 14 e 25,51 mil milh\u00f5es de euros pelo fundo especial da Bundeswehr.<\/p>\n","protected":false},"excerpt":{"rendered":"Para se rearmar, a Europa compra armas, mas a quem? Ap\u00f3s o in\u00edcio da invas\u00e3o russa em grande&hellip;\n","protected":false},"author":2,"featured_media":177527,"comment_status":"","ping_status":"","sticky":false,"template":"","format":"standard","meta":{"footnotes":""},"categories":[8],"tags":[1305,27,28,2537,92,17062,15,16,14,25,26,21,22,3400,12,13,19,20,32,23,24,33,17,18,29,30,31],"class_list":{"0":"post-177526","1":"post","2":"type-post","3":"status-publish","4":"format-standard","5":"has-post-thumbnail","7":"category-principais-noticias","8":"tag-alemanha","9":"tag-breaking-news","10":"tag-breakingnews","11":"tag-defesa","12":"tag-donald-trump","13":"tag-exercito-alemao","14":"tag-featured-news","15":"tag-featurednews","16":"tag-headlines","17":"tag-latest-news","18":"tag-latestnews","19":"tag-main-news","20":"tag-mainnews","21":"tag-nato","22":"tag-news","23":"tag-noticias","24":"tag-noticias-principais","25":"tag-noticiasprincipais","26":"tag-portugal","27":"tag-principais-noticias","28":"tag-principaisnoticias","29":"tag-pt","30":"tag-top-stories","31":"tag-topstories","32":"tag-ultimas","33":"tag-ultimas-noticias","34":"tag-ultimasnoticias"},"share_on_mastodon":{"url":"https:\/\/pubeurope.com\/@pt\/115672083670103067","error":""},"_links":{"self":[{"href":"https:\/\/www.europesays.com\/pt\/wp-json\/wp\/v2\/posts\/177526","targetHints":{"allow":["GET"]}}],"collection":[{"href":"https:\/\/www.europesays.com\/pt\/wp-json\/wp\/v2\/posts"}],"about":[{"href":"https:\/\/www.europesays.com\/pt\/wp-json\/wp\/v2\/types\/post"}],"author":[{"embeddable":true,"href":"https:\/\/www.europesays.com\/pt\/wp-json\/wp\/v2\/users\/2"}],"replies":[{"embeddable":true,"href":"https:\/\/www.europesays.com\/pt\/wp-json\/wp\/v2\/comments?post=177526"}],"version-history":[{"count":0,"href":"https:\/\/www.europesays.com\/pt\/wp-json\/wp\/v2\/posts\/177526\/revisions"}],"wp:featuredmedia":[{"embeddable":true,"href":"https:\/\/www.europesays.com\/pt\/wp-json\/wp\/v2\/media\/177527"}],"wp:attachment":[{"href":"https:\/\/www.europesays.com\/pt\/wp-json\/wp\/v2\/media?parent=177526"}],"wp:term":[{"taxonomy":"category","embeddable":true,"href":"https:\/\/www.europesays.com\/pt\/wp-json\/wp\/v2\/categories?post=177526"},{"taxonomy":"post_tag","embeddable":true,"href":"https:\/\/www.europesays.com\/pt\/wp-json\/wp\/v2\/tags?post=177526"}],"curies":[{"name":"wp","href":"https:\/\/api.w.org\/{rel}","templated":true}]}}