{"id":177538,"date":"2025-12-06T10:24:15","date_gmt":"2025-12-06T10:24:15","guid":{"rendered":"https:\/\/www.europesays.com\/pt\/177538\/"},"modified":"2025-12-06T10:24:15","modified_gmt":"2025-12-06T10:24:15","slug":"check-up-aos-candidatos-marques-mendes-propoe-mais-transparencia","status":"publish","type":"post","link":"https:\/\/www.europesays.com\/pt\/177538\/","title":{"rendered":"Check-up aos candidatos: Marques Mendes prop\u00f5e mais transpar\u00eancia"},"content":{"rendered":"<p>A sa\u00fade de um Presidente da Rep\u00fablica \u00e9 um tema s\u00e9rio que pode ter consequ\u00eancias pol\u00edticas. J\u00e1 teve. N\u00e3o foi o caso da <a href=\"https:\/\/expresso.pt\/politica\/presidente\/2025-12-03-marcelo-rebelo-de-sousa-ja-teve-alta-e-destacou-funcao-inestimavel-do-sns-29ad7b82\" target=\"_blank\" rel=\"noopener noreferrer nofollow\">h\u00e9rnia enclausurada de Marcelo Rebelo de Sousa<\/a>, operada de s\u00fabito esta semana, mas aconteceu uma vez, em democracia, Portugal ter um chefe de Estado interino por doen\u00e7a do inquilino de Bel\u00e9m: na campanha para as presidenciais de 1996 foi deliberadamente ocultado um problema card\u00edaco de Jorge Sampaio, que poucos meses depois o obrigou a suspender fun\u00e7\u00f5es para ser submetido a uma cirurgia ao cora\u00e7\u00e3o. Ant\u00f3nio de Almeida Santos, ent\u00e3o presidente da Assembleia da Rep\u00fablica, substituiu-o. Neste contexto, o<strong> Expresso questionou os oito candidatos presidenciais<\/strong> e seis responderam \u2014 nenhum declarou sofrer problemas de sa\u00fade graves. As opini\u00f5es sobre a publicidade da sa\u00fade do Presidente oscilaram entre a prote\u00e7\u00e3o da privacidade e a cria\u00e7\u00e3o de um mecanismo de transpar\u00eancia para dar confian\u00e7a ao pa\u00eds.<\/p>\n<p><a href=\"https:\/\/expresso.pt\/subscrever?action=GEN&amp;channel=BAF&amp;type=CAP&amp;source=WEB&amp;returnUrl=https:\/\/expresso.pt\/politica\/eleicoes\/presidenciais-2026\/2025-12-04-check-up-aos-candidatos-marques-mendes-propoe-mais-transparencia-f3a1d5db&amp;utm_source=expresso&amp;utm_medium=locked_article&amp;locked=true&amp;article_id=9372ce3a-fce8-4b63-b220-775a24e1088a&amp;author_id=V\u00edtor+Matos&amp;category=Presidenciais+2026\" target=\"_self\" class=\"\" rel=\"nofollow noopener\">Subscrever<\/a>J\u00e1 \u00e9 Subscritor?Fa\u00e7a login e continue a ler<a href=\"http:\/\/expresso.pt\/codigo?redirectUrl=https:\/\/expresso.pt\/politica\/eleicoes\/presidenciais-2026\/2025-12-04-check-up-aos-candidatos-marques-mendes-propoe-mais-transparencia-f3a1d5db\" target=\"_self\" class=\"\" rel=\"nofollow noopener\">Inserir C\u00f3digo<\/a>Comprou o Expresso?Insira o c\u00f3digo presente na Revista E para continuar a ler<\/p>\n","protected":false},"excerpt":{"rendered":"A sa\u00fade de um Presidente da Rep\u00fablica \u00e9 um tema s\u00e9rio que pode ter consequ\u00eancias pol\u00edticas. J\u00e1 teve.&hellip;\n","protected":false},"author":2,"featured_media":177539,"comment_status":"","ping_status":"","sticky":false,"template":"","format":"standard","meta":{"footnotes":""},"categories":[10],"tags":[27,28,15,16,14,25,26,21,22,12,13,19,20,32,23,24,33,17,18,29,30,31],"class_list":{"0":"post-177538","1":"post","2":"type-post","3":"status-publish","4":"format-standard","5":"has-post-thumbnail","7":"category-portugal","8":"tag-breaking-news","9":"tag-breakingnews","10":"tag-featured-news","11":"tag-featurednews","12":"tag-headlines","13":"tag-latest-news","14":"tag-latestnews","15":"tag-main-news","16":"tag-mainnews","17":"tag-news","18":"tag-noticias","19":"tag-noticias-principais","20":"tag-noticiasprincipais","21":"tag-portugal","22":"tag-principais-noticias","23":"tag-principaisnoticias","24":"tag-pt","25":"tag-top-stories","26":"tag-topstories","27":"tag-ultimas","28":"tag-ultimas-noticias","29":"tag-ultimasnoticias"},"share_on_mastodon":{"url":"https:\/\/pubeurope.com\/@pt\/115672138637862638","error":""},"_links":{"self":[{"href":"https:\/\/www.europesays.com\/pt\/wp-json\/wp\/v2\/posts\/177538","targetHints":{"allow":["GET"]}}],"collection":[{"href":"https:\/\/www.europesays.com\/pt\/wp-json\/wp\/v2\/posts"}],"about":[{"href":"https:\/\/www.europesays.com\/pt\/wp-json\/wp\/v2\/types\/post"}],"author":[{"embeddable":true,"href":"https:\/\/www.europesays.com\/pt\/wp-json\/wp\/v2\/users\/2"}],"replies":[{"embeddable":true,"href":"https:\/\/www.europesays.com\/pt\/wp-json\/wp\/v2\/comments?post=177538"}],"version-history":[{"count":0,"href":"https:\/\/www.europesays.com\/pt\/wp-json\/wp\/v2\/posts\/177538\/revisions"}],"wp:featuredmedia":[{"embeddable":true,"href":"https:\/\/www.europesays.com\/pt\/wp-json\/wp\/v2\/media\/177539"}],"wp:attachment":[{"href":"https:\/\/www.europesays.com\/pt\/wp-json\/wp\/v2\/media?parent=177538"}],"wp:term":[{"taxonomy":"category","embeddable":true,"href":"https:\/\/www.europesays.com\/pt\/wp-json\/wp\/v2\/categories?post=177538"},{"taxonomy":"post_tag","embeddable":true,"href":"https:\/\/www.europesays.com\/pt\/wp-json\/wp\/v2\/tags?post=177538"}],"curies":[{"name":"wp","href":"https:\/\/api.w.org\/{rel}","templated":true}]}}