{"id":177540,"date":"2025-12-06T10:25:13","date_gmt":"2025-12-06T10:25:13","guid":{"rendered":"https:\/\/www.europesays.com\/pt\/177540\/"},"modified":"2025-12-06T10:25:13","modified_gmt":"2025-12-06T10:25:13","slug":"benfica-com-meio-campo-reforcado-e-pote-de-volta-ao-onze-do-sporting-siga-aqui-o-derbi","status":"publish","type":"post","link":"https:\/\/www.europesays.com\/pt\/177540\/","title":{"rendered":"Benfica com meio-campo refor\u00e7ado e Pote de volta ao onze do Sporting. Siga aqui o d\u00e9rbi"},"content":{"rendered":"<p>Sporting e Benfica empataram a um golo esta sexta-feira, 5 de dezembro, no Est\u00e1dio da Luz, no d\u00e9rbi que abriu a 13.\u00aa jornada da I Liga. Quem ficou a sorrir foi o l\u00edder FC Porto, que caso ven\u00e7a em Tondela no domingo pode ficar com mais cinco pontos do que os verde e brancos e mais oito do que os encarnados.<\/p>\n<p>Pedro Gon\u00e7alves marcou, aos 12 minutos, o golo que vai deu vantagem aos le\u00f5es. A assist\u00eancia foi de Hjulmand, ap\u00f3s erro de Barrenechea.<\/p>\n","protected":false},"excerpt":{"rendered":"Sporting e Benfica empataram a um golo esta sexta-feira, 5 de dezembro, no Est\u00e1dio da Luz, no d\u00e9rbi&hellip;\n","protected":false},"author":2,"featured_media":177541,"comment_status":"","ping_status":"","sticky":false,"template":"","format":"standard","meta":{"footnotes":""},"categories":[8],"tags":[51,27,28,15,16,14,281,25,26,21,22,12,13,19,20,32,23,24,33,34,17,18,29,30,31],"class_list":{"0":"post-177540","1":"post","2":"type-post","3":"status-publish","4":"format-standard","5":"has-post-thumbnail","7":"category-principais-noticias","8":"tag-benfica","9":"tag-breaking-news","10":"tag-breakingnews","11":"tag-featured-news","12":"tag-featurednews","13":"tag-headlines","14":"tag-i-liga","15":"tag-latest-news","16":"tag-latestnews","17":"tag-main-news","18":"tag-mainnews","19":"tag-news","20":"tag-noticias","21":"tag-noticias-principais","22":"tag-noticiasprincipais","23":"tag-portugal","24":"tag-principais-noticias","25":"tag-principaisnoticias","26":"tag-pt","27":"tag-sporting","28":"tag-top-stories","29":"tag-topstories","30":"tag-ultimas","31":"tag-ultimas-noticias","32":"tag-ultimasnoticias"},"share_on_mastodon":{"url":"https:\/\/pubeurope.com\/@pt\/115672142707015717","error":""},"_links":{"self":[{"href":"https:\/\/www.europesays.com\/pt\/wp-json\/wp\/v2\/posts\/177540","targetHints":{"allow":["GET"]}}],"collection":[{"href":"https:\/\/www.europesays.com\/pt\/wp-json\/wp\/v2\/posts"}],"about":[{"href":"https:\/\/www.europesays.com\/pt\/wp-json\/wp\/v2\/types\/post"}],"author":[{"embeddable":true,"href":"https:\/\/www.europesays.com\/pt\/wp-json\/wp\/v2\/users\/2"}],"replies":[{"embeddable":true,"href":"https:\/\/www.europesays.com\/pt\/wp-json\/wp\/v2\/comments?post=177540"}],"version-history":[{"count":0,"href":"https:\/\/www.europesays.com\/pt\/wp-json\/wp\/v2\/posts\/177540\/revisions"}],"wp:featuredmedia":[{"embeddable":true,"href":"https:\/\/www.europesays.com\/pt\/wp-json\/wp\/v2\/media\/177541"}],"wp:attachment":[{"href":"https:\/\/www.europesays.com\/pt\/wp-json\/wp\/v2\/media?parent=177540"}],"wp:term":[{"taxonomy":"category","embeddable":true,"href":"https:\/\/www.europesays.com\/pt\/wp-json\/wp\/v2\/categories?post=177540"},{"taxonomy":"post_tag","embeddable":true,"href":"https:\/\/www.europesays.com\/pt\/wp-json\/wp\/v2\/tags?post=177540"}],"curies":[{"name":"wp","href":"https:\/\/api.w.org\/{rel}","templated":true}]}}