{"id":177562,"date":"2025-12-06T10:47:08","date_gmt":"2025-12-06T10:47:08","guid":{"rendered":"https:\/\/www.europesays.com\/pt\/177562\/"},"modified":"2025-12-06T10:47:08","modified_gmt":"2025-12-06T10:47:08","slug":"a-gaffe-de-rui-borges-que-arrancou-sorrisos-na-sala-de-imprensa","status":"publish","type":"post","link":"https:\/\/www.europesays.com\/pt\/177562\/","title":{"rendered":"A gaffe de Rui Borges que arrancou sorrisos na sala de imprensa"},"content":{"rendered":"<p><strong>Rui Borges n\u00e3o resistiu e cometeu uma gaffe, que arrancou alguns risos na sala de imprensa. O pr\u00f3prio treinador do Sporting teve de sorrir, perante o que lhe tinha acontecido. Provavelmente foi consequ\u00eancia de um momento mais empolgado, depois de n\u00e3o ter gostado de uma pergunta que lhe foi feita. Certo \u00e9 que dizer que est\u00e1 no Benfica nunca fica bem a um treinador do Sporting&#8230;<\/strong><\/p>\n<p>\u00abIsso \u00e9 uma narrativa tua. N\u00e3o, nem sequer vou por a\u00ed, porque sen\u00e3o voc\u00eas depois v\u00e3o falar dos jogos da Champions, ah, mas ganhou porque o Marselha estava com dez. Voc\u00eas v\u00e3o sempre buscar a narrativa que vos interessa. Eu, desde que estou no Benfica ainda n\u00e3o perdi fora de casa. Desde que estou no Sporting, pe\u00e7o desculpa. Desde que estou no Sporting ainda n\u00e3o perdi fora de casa, podia estar sempre a bater na mesma narrativa, mas para mim isso nem \u00e9 sequer narrativa.\u00bb<\/p>\n","protected":false},"excerpt":{"rendered":"Rui Borges n\u00e3o resistiu e cometeu uma gaffe, que arrancou alguns risos na sala de imprensa. O pr\u00f3prio&hellip;\n","protected":false},"author":2,"featured_media":177563,"comment_status":"","ping_status":"","sticky":false,"template":"","format":"standard","meta":{"footnotes":""},"categories":[87],"tags":[51,12194,135,36693,36,46,32,33,47,3880,34,134],"class_list":{"0":"post-177562","1":"post","2":"type-post","3":"status-publish","4":"format-standard","5":"has-post-thumbnail","7":"category-desporto","8":"tag-benfica","9":"tag-derbi","10":"tag-desporto","11":"tag-gaffe","12":"tag-liga","13":"tag-maisfutebol","14":"tag-portugal","15":"tag-pt","16":"tag-pura-paixao","17":"tag-rui-borges","18":"tag-sporting","19":"tag-sports"},"share_on_mastodon":{"url":"https:\/\/pubeurope.com\/@pt\/115672229195707486","error":""},"_links":{"self":[{"href":"https:\/\/www.europesays.com\/pt\/wp-json\/wp\/v2\/posts\/177562","targetHints":{"allow":["GET"]}}],"collection":[{"href":"https:\/\/www.europesays.com\/pt\/wp-json\/wp\/v2\/posts"}],"about":[{"href":"https:\/\/www.europesays.com\/pt\/wp-json\/wp\/v2\/types\/post"}],"author":[{"embeddable":true,"href":"https:\/\/www.europesays.com\/pt\/wp-json\/wp\/v2\/users\/2"}],"replies":[{"embeddable":true,"href":"https:\/\/www.europesays.com\/pt\/wp-json\/wp\/v2\/comments?post=177562"}],"version-history":[{"count":0,"href":"https:\/\/www.europesays.com\/pt\/wp-json\/wp\/v2\/posts\/177562\/revisions"}],"wp:featuredmedia":[{"embeddable":true,"href":"https:\/\/www.europesays.com\/pt\/wp-json\/wp\/v2\/media\/177563"}],"wp:attachment":[{"href":"https:\/\/www.europesays.com\/pt\/wp-json\/wp\/v2\/media?parent=177562"}],"wp:term":[{"taxonomy":"category","embeddable":true,"href":"https:\/\/www.europesays.com\/pt\/wp-json\/wp\/v2\/categories?post=177562"},{"taxonomy":"post_tag","embeddable":true,"href":"https:\/\/www.europesays.com\/pt\/wp-json\/wp\/v2\/tags?post=177562"}],"curies":[{"name":"wp","href":"https:\/\/api.w.org\/{rel}","templated":true}]}}