{"id":177588,"date":"2025-12-06T11:18:09","date_gmt":"2025-12-06T11:18:09","guid":{"rendered":"https:\/\/www.europesays.com\/pt\/177588\/"},"modified":"2025-12-06T11:18:09","modified_gmt":"2025-12-06T11:18:09","slug":"liliana-carrega-no-botao-segredos-para-pedro-e-marisa-e-o-que-se-segue-deixa-todos-sem-palavras-secret-story","status":"publish","type":"post","link":"https:\/\/www.europesays.com\/pt\/177588\/","title":{"rendered":"Liliana carrega no bot\u00e3o segredos para Pedro e Marisa. E o que se segue deixa todos sem palavras &#8211; Secret Story"},"content":{"rendered":"<p>Liliana protagonizou um momento memor\u00e1vel na noite desta sexta-feira, 5 de dezembro. A concorrente do Secret Story 9 <a href=\"https:\/\/tvi.iol.pt\/secretstory\/videos\/sera-que-e-desta-soa-o-botao-dos-segredos-e-pedro-jorge-e-marisa-sao-chamados-ao-confessionario\/69335e790cf2c7eb244463a5\" rel=\"nofollow noopener\" target=\"_blank\">carregou no bot\u00e3o dos segredos para tentar desvendar o segredo de Marisa e Pedro<\/a> e o que se seguiu n\u00e3o deixou ningu\u00e9m indiferente.\u00a0<\/p>\n<p>Liliana disse pensar que o segredo dos dois era em conjunto: \u00abSomos irm\u00e3os\u00bb. Tudo poderia ser normal, n\u00e3o fosse a Voz ter dado uma pista, horas antes, de que ainda estavam tr\u00eas segredos por descobrir, o que significa que o segredo dos dois nunca poderia ser comum, mas sim individual, restando apenas esses dois e o de Ana.\u00a0<\/p>\n<p>Mesmo com essa informa\u00e7\u00e3o a concorrente &#8211; que recebeu um buzz gr\u00e1tis &#8211; decidiu arriscar e apostar nessa teoria para \u00aba descartar\u00bb, o que valeu fortes gargalhadas da parte dos concorrentes e da Voz, que brincou com ela por diversas vezes.<\/p>\n<p>Claro que no fim, como j\u00e1 todos esperavam pelas dicas da Voz, Liliana n\u00e3o acertou no segredo. Mas o momento fica para a hist\u00f3ria como um dos mais hilariantes desta edi\u00e7\u00e3o.\u00a0<\/p>\n<p>Percorra a galeria de fotografias que prepar\u00e1mos para si com as imagens deste momento e repare sobretudo na rea\u00e7\u00e3o de F\u00e1bio, namorado de Liliana.\u00a0<\/p>\n","protected":false},"excerpt":{"rendered":"Liliana protagonizou um momento memor\u00e1vel na noite desta sexta-feira, 5 de dezembro. A concorrente do Secret Story 9&hellip;\n","protected":false},"author":2,"featured_media":177589,"comment_status":"","ping_status":"","sticky":false,"template":"","format":"standard","meta":{"footnotes":""},"categories":[142],"tags":[114,115,19016,19184,18800,14646,32,33,7958,151,162,18801],"class_list":{"0":"post-177588","1":"post","2":"type-post","3":"status-publish","4":"format-standard","5":"has-post-thumbnail","7":"category-tv","8":"tag-entertainment","9":"tag-entretenimento","10":"tag-liliana","11":"tag-marisa","12":"tag-momentos-virais-secret-story","13":"tag-pedro","14":"tag-portugal","15":"tag-pt","16":"tag-segredo","17":"tag-tv","18":"tag-tvi","19":"tag-videos-virais-concorrentes"},"share_on_mastodon":{"url":"https:\/\/pubeurope.com\/@pt\/115672351156676870","error":""},"_links":{"self":[{"href":"https:\/\/www.europesays.com\/pt\/wp-json\/wp\/v2\/posts\/177588","targetHints":{"allow":["GET"]}}],"collection":[{"href":"https:\/\/www.europesays.com\/pt\/wp-json\/wp\/v2\/posts"}],"about":[{"href":"https:\/\/www.europesays.com\/pt\/wp-json\/wp\/v2\/types\/post"}],"author":[{"embeddable":true,"href":"https:\/\/www.europesays.com\/pt\/wp-json\/wp\/v2\/users\/2"}],"replies":[{"embeddable":true,"href":"https:\/\/www.europesays.com\/pt\/wp-json\/wp\/v2\/comments?post=177588"}],"version-history":[{"count":0,"href":"https:\/\/www.europesays.com\/pt\/wp-json\/wp\/v2\/posts\/177588\/revisions"}],"wp:featuredmedia":[{"embeddable":true,"href":"https:\/\/www.europesays.com\/pt\/wp-json\/wp\/v2\/media\/177589"}],"wp:attachment":[{"href":"https:\/\/www.europesays.com\/pt\/wp-json\/wp\/v2\/media?parent=177588"}],"wp:term":[{"taxonomy":"category","embeddable":true,"href":"https:\/\/www.europesays.com\/pt\/wp-json\/wp\/v2\/categories?post=177588"},{"taxonomy":"post_tag","embeddable":true,"href":"https:\/\/www.europesays.com\/pt\/wp-json\/wp\/v2\/tags?post=177588"}],"curies":[{"name":"wp","href":"https:\/\/api.w.org\/{rel}","templated":true}]}}