{"id":177599,"date":"2025-12-06T11:33:14","date_gmt":"2025-12-06T11:33:14","guid":{"rendered":"https:\/\/www.europesays.com\/pt\/177599\/"},"modified":"2025-12-06T11:33:14","modified_gmt":"2025-12-06T11:33:14","slug":"radio-nacional-lanca-campanha-de-fim-de-ano-unificada-com-o-mote-somos-uma-so-nacional","status":"publish","type":"post","link":"https:\/\/www.europesays.com\/pt\/177599\/","title":{"rendered":"R\u00e1dio Nacional lan\u00e7a campanha de fim de ano unificada com o mote \u201cSomos uma s\u00f3 Nacional\u201d"},"content":{"rendered":"<p>A <strong>R\u00e1dio Nacional<\/strong> lan\u00e7a neste s\u00e1bado (6) a campanha de fim de ano <strong>\u201cSomos uma s\u00f3 Nacional\u201d<\/strong>, iniciativa que integra as comemora\u00e7\u00f5es pelos 90 anos da emissora, marco a ser completado em 2026. A a\u00e7\u00e3o re\u00fane locutores e apresentadores em mensagens de boas festas, refor\u00e7ando a identidade unificada da rede e sua presen\u00e7a hist\u00f3rica na vida dos ouvintes em todo o pa\u00eds.<\/p>\n<p>A campanha ter\u00e1 veicula\u00e7\u00e3o em todos os ve\u00edculos que comp\u00f5em a <strong>Rede Nacional<\/strong>, formada pelas r\u00e1dios do <strong>Rio de Janeiro, S\u00e3o Paulo, Bras\u00edlia (AM e FM), Recife, S\u00e3o Lu\u00eds, Amaz\u00f4nia e Alto Solim\u00f5es<\/strong>. As pe\u00e7as radiof\u00f4nicas trazem a assinatura <strong>\u201cSomos uma s\u00f3 Nacional! Rumo aos 90 anos. Do passado ao futuro. Sem Fronteiras\u201d<\/strong>, destacando a integra\u00e7\u00e3o entre as emissoras e a proje\u00e7\u00e3o da marca para o futuro.<\/p>\n<p>As comemora\u00e7\u00f5es pelos 90 anos tiveram in\u00edcio em <strong>12 de setembro<\/strong>, data em que a <strong>R\u00e1dio Nacional do Rio de Janeiro<\/strong> completou 89 anos. Na ocasi\u00e3o, foram lan\u00e7ados o novo slogan, uma identidade sonora reformulada, um selo tem\u00e1tico e uma s\u00e9rie de a\u00e7\u00f5es voltadas ao fortalecimento institucional da marca.<\/p>\n<p>Para <strong>2026<\/strong>, o cronograma de celebra\u00e7\u00f5es ser\u00e1 ampliado. Em janeiro, ser\u00e1 lan\u00e7ada uma <strong>campanha de curiosidades<\/strong>, criada em parceria com a <strong>Ger\u00eancia de Acervo e Pesquisa da Empresa Brasil de Comunica\u00e7\u00e3o (EBC)<\/strong>. A iniciativa vai destacar momentos marcantes da trajet\u00f3ria da Nacional, como programas de audit\u00f3rio, o notici\u00e1rio <strong>Rep\u00f3rter Esso<\/strong>, a primeira radionovela brasileira, quadros humor\u00edsticos como <strong>PRK-30<\/strong>, al\u00e9m de propagandas hist\u00f3ricas e artistas que iniciaram suas carreiras nos est\u00fadios da emissora.<\/p>\n<p style=\"text-align: center;\"><img decoding=\"async\" alt=\"\" src=\"https:\/\/www.europesays.com\/pt\/wp-content\/uploads\/2025\/12\/693308f92e18e.jpg\" style=\"height:400px; width:600px\" \/><br \/>&#13;<br \/>\nFoto: Marcelo Camargo\/Ag\u00eancia Brasil<\/p>\n<p>&#13;<br \/>\n\t\t\t\tTags:&#13;<br \/>\n\t\t\t\tR\u00e1dio Nacional, EBC, Campanha de fim de ano, Somos uma s\u00f3 Nacional, R\u00e1dio p\u00fablica, 90 anos da R\u00e1dio Nacional, Comunica\u00e7\u00e3o p\u00fablica&#13;\n\t\t\t<\/p>\n","protected":false},"excerpt":{"rendered":"A R\u00e1dio Nacional lan\u00e7a neste s\u00e1bado (6) a campanha de fim de ano \u201cSomos uma s\u00f3 Nacional\u201d, iniciativa&hellip;\n","protected":false},"author":2,"featured_media":177600,"comment_status":"","ping_status":"","sticky":false,"template":"","format":"standard","meta":{"footnotes":""},"categories":[141],"tags":[36701,36698,36702,3788,114,115,149,150,32,33,32176,36700,36699],"class_list":{"0":"post-177599","1":"post","2":"type-post","3":"status-publish","4":"format-standard","5":"has-post-thumbnail","7":"category-musica","8":"tag-90-anos-da-radio-nacional","9":"tag-campanha-de-fim-de-ano","10":"tag-comunicacao-publica","11":"tag-ebc","12":"tag-entertainment","13":"tag-entretenimento","14":"tag-music","15":"tag-musica","16":"tag-portugal","17":"tag-pt","18":"tag-radio-nacional","19":"tag-radio-publica","20":"tag-somos-uma-so-nacional"},"share_on_mastodon":{"url":"https:\/\/pubeurope.com\/@pt\/115672410120098012","error":""},"_links":{"self":[{"href":"https:\/\/www.europesays.com\/pt\/wp-json\/wp\/v2\/posts\/177599","targetHints":{"allow":["GET"]}}],"collection":[{"href":"https:\/\/www.europesays.com\/pt\/wp-json\/wp\/v2\/posts"}],"about":[{"href":"https:\/\/www.europesays.com\/pt\/wp-json\/wp\/v2\/types\/post"}],"author":[{"embeddable":true,"href":"https:\/\/www.europesays.com\/pt\/wp-json\/wp\/v2\/users\/2"}],"replies":[{"embeddable":true,"href":"https:\/\/www.europesays.com\/pt\/wp-json\/wp\/v2\/comments?post=177599"}],"version-history":[{"count":0,"href":"https:\/\/www.europesays.com\/pt\/wp-json\/wp\/v2\/posts\/177599\/revisions"}],"wp:featuredmedia":[{"embeddable":true,"href":"https:\/\/www.europesays.com\/pt\/wp-json\/wp\/v2\/media\/177600"}],"wp:attachment":[{"href":"https:\/\/www.europesays.com\/pt\/wp-json\/wp\/v2\/media?parent=177599"}],"wp:term":[{"taxonomy":"category","embeddable":true,"href":"https:\/\/www.europesays.com\/pt\/wp-json\/wp\/v2\/categories?post=177599"},{"taxonomy":"post_tag","embeddable":true,"href":"https:\/\/www.europesays.com\/pt\/wp-json\/wp\/v2\/tags?post=177599"}],"curies":[{"name":"wp","href":"https:\/\/api.w.org\/{rel}","templated":true}]}}