{"id":177605,"date":"2025-12-06T11:40:21","date_gmt":"2025-12-06T11:40:21","guid":{"rendered":"https:\/\/www.europesays.com\/pt\/177605\/"},"modified":"2025-12-06T11:40:21","modified_gmt":"2025-12-06T11:40:21","slug":"na-falta-do-nobel-trump-passa-a-dar-nome-ao-instituto-da-paz","status":"publish","type":"post","link":"https:\/\/www.europesays.com\/pt\/177605\/","title":{"rendered":"Na falta do Nobel, Trump passa a dar nome ao Instituto da Paz"},"content":{"rendered":"<p>O <a href=\"https:\/\/expresso.pt\/internacional\/eua\/2025-04-14-casa-branca-propoe-cortes-de-cerca-de-50-no-departamento-de-estado-que-financia-a-onu-e-a-sede-da-nato-e5302b25\" target=\"_blank\" rel=\"noopener noreferrer nofollow\">Departamento de Estado<\/a> norte-americano rebatizou hoje o <strong>Instituto da Paz dos Estados Unidos com o nome do Presidente, Donald Trump,<\/strong> como afirma\u00e7\u00e3o da sua pol\u00edtica externa, num contexto de disputa judicial pelo controlo da institui\u00e7\u00e3o.<\/p>\n<p>&#8220;O Presidente Trump ser\u00e1 recordado pela hist\u00f3ria como o Presidente da Paz&#8221;, escreveu nas redes sociais o secret\u00e1rio de Estado, Marco Rubio, juntando uma fotografia do edif\u00edcio com o novo nome \u00e0 entrada da institui\u00e7\u00e3o com sede em Washington. Ser\u00e1 a\u00ed que hoje ser\u00e1 acolhida a assinatura do acordo de paz entre o <a href=\"https:\/\/expresso.pt\/podcasts\/o-mundo-a-seus-pes\/2025-02-17-ruanda-instrumentaliza-ma-consciencia-do-mundo-sobre-genocidio-para-justificar-acoes-na-republica-democratica-do-congo-0b98fde1\" target=\"_blank\" rel=\"noopener noreferrer nofollow\">Ruanda e a Rep\u00fablica Democr\u00e1tica do Congo<\/a> (RDC), mediado por Trump.<\/p>\n<p>O Instituto da Paz dos Estados Unidos (USIP, na sigla em ingl\u00eas) \u00e9 um <strong>organismo independente criado pelo Congresso para resolver conflitos internacionais,<\/strong> e os <strong>esfor\u00e7os de Trump para controlar o instituto<\/strong> t\u00eam sido alvo de ampla contesta\u00e7\u00e3o judicial.<\/p>\n<p>Em mar\u00e7o passado, funcion\u00e1rios do<a href=\"https:\/\/expresso.pt\/internacional\/eua\/2025-11-24-discretamente-o-doge-de-trump-e-elon-musk-desapareceu-nao-existe-diz-a-casa-branca-dd43feca\" target=\"_blank\" rel=\"noopener noreferrer nofollow\"> Departamento de Efici\u00eancia Governamental<\/a>, criado por Trump e pelo magnata Elon Musk para<strong> cortar na despesa p\u00fablica,<\/strong> <strong>invadiram o edif\u00edcio usando de for\u00e7a,<\/strong> e o Governo destituiu v\u00e1rios membros da sua dire\u00e7\u00e3o.<\/p>\n<p>Num comunicado, o advogado da antiga dire\u00e7\u00e3o e equipa do USIP, <strong>George Foote<\/strong>, comentou o novo nome, afirmando: &#8220;Renomear o Instituto da Paz \u00e9 o c\u00famulo&#8221;.<\/p>\n<p><strong>&#8220;Um juiz federal j\u00e1 decidiu que a tomada armada do edif\u00edcio pelo Governo foi ilegal.<\/strong> Tal decis\u00e3o est\u00e1 suspensa enquanto o Governo recorre, e essa \u00e9 a \u00fanica raz\u00e3o pela qual o Governo continua a controlar o edif\u00edcio&#8221;, explicou.<\/p>\n<p>Trump diz que \u00e9 uma &#8220;grande honra&#8221; <\/p>\n<p><strong>Anna Kelly<\/strong>, porta-voz da Casa Branca, defendeu o novo nome, come\u00e7ando por sustentar: &#8220;O Instituto da Paz dos Estados Unidos j\u00e1 foi uma <strong>entidade inchada e in\u00fatil que desperdi\u00e7ava 50 milh\u00f5es de d\u00f3lares por ano sem alcan\u00e7ar a paz&#8221;.<\/strong><\/p>\n<p>&#8220;Agora, este bonito e apropriado nome <strong>homenageia um Presidente que p\u00f4s fim a oito guerras em menos de um ano<\/strong> e ser\u00e1 uma poderosa mem\u00f3ria do que uma lideran\u00e7a forte pode fazer pela estabilidade global&#8221;, declarou.<\/p>\n<p>A narrativa de um Trump pacificador de oito conflitos b\u00e9licos <strong>j\u00e1 foi desmentida de forma generalizada pelos m\u00e9dia nacionais e internacionais,<\/strong> e o seu papel de mediador pol\u00edtico <strong>\u00e9 desvalorizado ou simplesmente negado<\/strong> nos conflitos da Egipto e Eti\u00f3pia, \u00cdndia e Paquist\u00e3o ou S\u00e9rvia e Kosovo. Contudo, Donald Trump acredita que os seus esfor\u00e7os para terminar com v\u00e1rios conflitos no mundo deveriam valer para lhe atribu\u00edrem o<a href=\"https:\/\/expresso.pt\/internacional\/2025-10-10-donald-trump-quer-o-nobel-da-paz-16-presidentes-ja-o-conseguiram--perfis-razoes-e-curiosidades--3c4fa69b\" target=\"_blank\" rel=\"noopener noreferrer nofollow\"> Pr\u00e9mio Nobel da Paz<\/a>.<\/p>\n<p>Durante a cerim\u00f3nia, dirigindo-se ao secret\u00e1rio de Estado <a href=\"https:\/\/expresso.pt\/internacional\/eua\/2025-01-14-marco-rubio-o-latino-que-vai-liderar-a-diplomacia-dos-estados-unidos-e-tratar-do-quintal-da-america-5db4bc02\" target=\"_blank\" rel=\"noopener noreferrer nofollow\">Marco Rubio,<\/a> Trump disse disse: &#8220;E obrigado por colocar um certo nome no edif\u00edcio. Quando cheguei, pensei<strong> &#8216;Oh, isso \u00e9 bonito&#8217;. (&#8230;) \u00c9 uma grande honra&#8221;<\/strong>, afirmou o republicano de 79 anos. \u00a0<\/p>\n<p style=\"text-align: start;\">O Departamento de Estado tinha anunciado no dia anterior a decis\u00e3o de atribuir o nome de Donald Trump \u00e0quele instituto mediante uma mensagem na rede social X, explicando que queria &#8220;homenagear o melhor negociador da hist\u00f3ria do nosso pa\u00eds&#8221;. \u00a0<\/p>\n<p style=\"text-align: start;\">O edif\u00edcio, localizado no cora\u00e7\u00e3o de Washington, ostenta agora em relevo e com letras prateadas o nome &#8220;Donald J. Trump&#8221;, acima do seu nome original: &#8220;United States Institute of Peace [Instituto da Paz dos Estados Unidos]&#8221;.<\/p>\n<p style=\"text-align: start;\">Criado em 1984 sob a presid\u00eancia de Ronald Reagan, com constru\u00e7\u00e3o da sede terminada em 2011, e financiada pelo Congresso, esta organiza\u00e7\u00e3o independente sem fins lucrativos <strong>procurava sobretudo<\/strong> <strong>prevenir e resolver conflitos internacionais<\/strong><strong>,<\/strong> e contava, at\u00e9 ao in\u00edcio deste ano, com investigadores especialistas em quest\u00f5es internacionais, funcionando como um think tank.<\/p>\n<p style=\"text-align: start;\">No caso do conflito <strong>que h\u00e1 d\u00e9cadas op\u00f5e o Ruanda e a RD Congo,<\/strong> a assinatura do acordo de paz, que Donald Trump qualificou de <strong>&#8220;milagre&#8221;<\/strong>, ocorreu enquanto combates violentos continuavam entre o grupo armado M23, apoiado por <a href=\"https:\/\/expresso.pt\/semanario\/primeiro\/em-destaque\/2025-02-06-rdc.-ruanda-copia-manual-de-putin-00e52e16\" target=\"_blank\" rel=\"noopener noreferrer nofollow\">Kigali<\/a>, e o ex\u00e9rcito congol\u00eas, apoiado por mil\u00edcias, na prov\u00edncia do <strong>Sul-Kivu <\/strong>(este da RD Congo). \u00a0<\/p>\n<p style=\"text-align: start;\">Hoje, num &#8220;lapso&#8221;, chamou \u00e0 grande sala de espet\u00e1culos p\u00fablica de Washington, o &#8220;Kennedy Center&#8221;, de &#8220;Trump Kennedy Center&#8221;. &#8220;Cometi um grande erro&#8221;, disse depois, fazendo de conta que se desculpava ap\u00f3s esta confus\u00e3o propositada.<\/p>\n<p style=\"text-align: start;\">Um legislador republicano da Fl\u00f3rida j\u00e1 prop\u00f4s renomear o maior aeroporto que serve Washington, o Aeroporto Internacional Dulles, para &#8220;Aeroporto Donald Trump&#8221;. O Presidente americano, entusiasta de obras, <strong>anunciou recentemente uma grande renova\u00e7\u00e3o desta infraestrutura.<\/strong><\/p>\n<p style=\"text-align: start;\">Al\u00e9m disso, tamb\u00e9m supervisiona a constru\u00e7\u00e3o de um gigantesco <a href=\"https:\/\/expresso.pt\/internacional\/eua\/2025-10-30-mais-de-metade-dos-americanos-opoe-se-a-construcao-de-salao-de-baile-na-casa-branca-1eb27fab\" target=\"_blank\" rel=\"noopener noreferrer nofollow\">sal\u00e3o de baile na Casa Branca<\/a>. Segundo a imprensa, estar\u00e1 em conflito com o arquiteto respons\u00e1vel pelo projeto, que consideraria desproporcionado o tamanho do edif\u00edcio pretendido pelo Presidente.<\/p>\n<p style=\"text-align: start;\"><strong>Donald Trump tamb\u00e9m mandou colocar v\u00e1rios retratos seus na Casa Branca<\/strong>, rompendo com o costume que prev\u00ea que as ef\u00edgies dos presidentes americanos s\u00f3 sejam expostas no edif\u00edcio ap\u00f3s o t\u00e9rmino dos seus mandatos.<\/p>\n<p style=\"text-align: start;\">Entre as decora\u00e7\u00f5es natal\u00edcias tradicionais da Casa Branca, este ano encontra-se, por exemplo, um <strong>retrato gigante do Presidente em Lego.<\/strong><\/p>\n","protected":false},"excerpt":{"rendered":"O Departamento de Estado norte-americano rebatizou hoje o Instituto da Paz dos Estados Unidos com o nome do&hellip;\n","protected":false},"author":2,"featured_media":177606,"comment_status":"","ping_status":"","sticky":false,"template":"","format":"standard","meta":{"footnotes":""},"categories":[50],"tags":[27,28,15,16,14,25,26,21,22,62,12,13,19,20,23,24,17,18,29,30,31,63,64,65],"class_list":{"0":"post-177605","1":"post","2":"type-post","3":"status-publish","4":"format-standard","5":"has-post-thumbnail","7":"category-mundo","8":"tag-breaking-news","9":"tag-breakingnews","10":"tag-featured-news","11":"tag-featurednews","12":"tag-headlines","13":"tag-latest-news","14":"tag-latestnews","15":"tag-main-news","16":"tag-mainnews","17":"tag-mundo","18":"tag-news","19":"tag-noticias","20":"tag-noticias-principais","21":"tag-noticiasprincipais","22":"tag-principais-noticias","23":"tag-principaisnoticias","24":"tag-top-stories","25":"tag-topstories","26":"tag-ultimas","27":"tag-ultimas-noticias","28":"tag-ultimasnoticias","29":"tag-world","30":"tag-world-news","31":"tag-worldnews"},"share_on_mastodon":{"url":"https:\/\/pubeurope.com\/@pt\/115672437427215523","error":""},"_links":{"self":[{"href":"https:\/\/www.europesays.com\/pt\/wp-json\/wp\/v2\/posts\/177605","targetHints":{"allow":["GET"]}}],"collection":[{"href":"https:\/\/www.europesays.com\/pt\/wp-json\/wp\/v2\/posts"}],"about":[{"href":"https:\/\/www.europesays.com\/pt\/wp-json\/wp\/v2\/types\/post"}],"author":[{"embeddable":true,"href":"https:\/\/www.europesays.com\/pt\/wp-json\/wp\/v2\/users\/2"}],"replies":[{"embeddable":true,"href":"https:\/\/www.europesays.com\/pt\/wp-json\/wp\/v2\/comments?post=177605"}],"version-history":[{"count":0,"href":"https:\/\/www.europesays.com\/pt\/wp-json\/wp\/v2\/posts\/177605\/revisions"}],"wp:featuredmedia":[{"embeddable":true,"href":"https:\/\/www.europesays.com\/pt\/wp-json\/wp\/v2\/media\/177606"}],"wp:attachment":[{"href":"https:\/\/www.europesays.com\/pt\/wp-json\/wp\/v2\/media?parent=177605"}],"wp:term":[{"taxonomy":"category","embeddable":true,"href":"https:\/\/www.europesays.com\/pt\/wp-json\/wp\/v2\/categories?post=177605"},{"taxonomy":"post_tag","embeddable":true,"href":"https:\/\/www.europesays.com\/pt\/wp-json\/wp\/v2\/tags?post=177605"}],"curies":[{"name":"wp","href":"https:\/\/api.w.org\/{rel}","templated":true}]}}