{"id":177621,"date":"2025-12-06T11:54:20","date_gmt":"2025-12-06T11:54:20","guid":{"rendered":"https:\/\/www.europesays.com\/pt\/177621\/"},"modified":"2025-12-06T11:54:20","modified_gmt":"2025-12-06T11:54:20","slug":"nova-doenca-em-caes-transmitida-por-carrapatos-acende-alerta-nos-eua","status":"publish","type":"post","link":"https:\/\/www.europesays.com\/pt\/177621\/","title":{"rendered":"Nova doen\u00e7a em c\u00e3es transmitida por carrapatos acende alerta nos EUA"},"content":{"rendered":"<p class=\"bullet mt-0\" data-v-232111b4=\"\">Relatamos pela primeira vez a nova esp\u00e9cie de Rickettsia em uma s\u00e9rie de casos de 2020 envolvendo tr\u00eas c\u00e3es.<br \/><strong>Barbara Qurollo, professora e autora do estudo publicado na revista <a href=\"https:\/\/wwwnc.cdc.gov\/eid\/article\/31\/11\/25-0681_article\" rel=\"nofollow noopener\" target=\"_blank\">Emerging Infectious Diseases<\/a><\/strong><\/p>\n<p class=\"bullet\" data-v-232111b4=\"\"><strong>Segundo Qurollo, recentemente mais animais testaram positivo para a mesma bact\u00e9ria.<\/strong> &#8220;Desde ent\u00e3o, recebemos amostras de mais 16 c\u00e3es que estavam infectados com o mesmo pat\u00f3geno. Tamb\u00e9m conseguimos cultivar a nova esp\u00e9cie a partir do sangue de um dos c\u00e3es naturalmente infectados.&#8221;<\/p>\n<p class=\"bullet\" data-v-232111b4=\"\"><strong>Embora a equipe ainda n\u00e3o tenha confirmado qual esp\u00e9cie de carrapato transmite a R. finnyi, os pesquisadores acreditam que o vetor seja o carrapato-estrela-solit\u00e1ria.<\/strong> A distribui\u00e7\u00e3o geogr\u00e1fica desse carrapato coincide com as regi\u00f5es de onde vieram os c\u00e3es doentes, refor\u00e7ando a suspeita.<\/p>\n<p><img width=\"450\" height=\"450\" src=\"https:\/\/www.europesays.com\/pt\/wp-content\/uploads\/2025\/12\/carrapato-estrela---amblyomma-cajennense-1720800852392_v2_450x450.jpg\" alt=\"Carrapato-estrela \" loading=\"eager\" fetchpriority=\"low\" decoding=\"auto\" title=\"Carrapato-estrela \" style=\"border-radius:var(--solar-border-radius-25);\" data-v-73d45db8=\"\"\/> Carrapato-estrela  Imagem: ViniSouza128\/Adobe Stock<\/p>\n<p class=\"bullet\" data-v-232111b4=\"\"><strong>As infec\u00e7\u00f5es causadas pela nova bact\u00e9ria variam de moderadas a graves.<\/strong> Entre os sintomas observados est\u00e3o: febre, letargia e baixa contagem de plaquetas.<\/p>\n<p class=\"bullet\" data-v-232111b4=\"\"><strong>A maior parte dos c\u00e3es se recuperou com tratamento antibi\u00f3tico.<\/strong> Entretanto, um c\u00e3o morreu antes de receber diagn\u00f3stico, outro precisou ser submetido \u00e0 eutan\u00e1sia e um terceiro sofreu reca\u00edda ap\u00f3s o tratamento e morreu de s\u00edndrome nefr\u00f3tica.<\/p>\n","protected":false},"excerpt":{"rendered":"Relatamos pela primeira vez a nova esp\u00e9cie de Rickettsia em uma s\u00e9rie de casos de 2020 envolvendo tr\u00eas&hellip;\n","protected":false},"author":2,"featured_media":177622,"comment_status":"","ping_status":"","sticky":false,"template":"","format":"standard","meta":{"footnotes":""},"categories":[50],"tags":[27,28,15,16,14,25,26,21,22,62,12,13,19,20,23,24,17,18,29,30,31,63,64,65],"class_list":{"0":"post-177621","1":"post","2":"type-post","3":"status-publish","4":"format-standard","5":"has-post-thumbnail","7":"category-mundo","8":"tag-breaking-news","9":"tag-breakingnews","10":"tag-featured-news","11":"tag-featurednews","12":"tag-headlines","13":"tag-latest-news","14":"tag-latestnews","15":"tag-main-news","16":"tag-mainnews","17":"tag-mundo","18":"tag-news","19":"tag-noticias","20":"tag-noticias-principais","21":"tag-noticiasprincipais","22":"tag-principais-noticias","23":"tag-principaisnoticias","24":"tag-top-stories","25":"tag-topstories","26":"tag-ultimas","27":"tag-ultimas-noticias","28":"tag-ultimasnoticias","29":"tag-world","30":"tag-world-news","31":"tag-worldnews"},"share_on_mastodon":{"url":"https:\/\/pubeurope.com\/@pt\/115672492846604232","error":""},"_links":{"self":[{"href":"https:\/\/www.europesays.com\/pt\/wp-json\/wp\/v2\/posts\/177621","targetHints":{"allow":["GET"]}}],"collection":[{"href":"https:\/\/www.europesays.com\/pt\/wp-json\/wp\/v2\/posts"}],"about":[{"href":"https:\/\/www.europesays.com\/pt\/wp-json\/wp\/v2\/types\/post"}],"author":[{"embeddable":true,"href":"https:\/\/www.europesays.com\/pt\/wp-json\/wp\/v2\/users\/2"}],"replies":[{"embeddable":true,"href":"https:\/\/www.europesays.com\/pt\/wp-json\/wp\/v2\/comments?post=177621"}],"version-history":[{"count":0,"href":"https:\/\/www.europesays.com\/pt\/wp-json\/wp\/v2\/posts\/177621\/revisions"}],"wp:featuredmedia":[{"embeddable":true,"href":"https:\/\/www.europesays.com\/pt\/wp-json\/wp\/v2\/media\/177622"}],"wp:attachment":[{"href":"https:\/\/www.europesays.com\/pt\/wp-json\/wp\/v2\/media?parent=177621"}],"wp:term":[{"taxonomy":"category","embeddable":true,"href":"https:\/\/www.europesays.com\/pt\/wp-json\/wp\/v2\/categories?post=177621"},{"taxonomy":"post_tag","embeddable":true,"href":"https:\/\/www.europesays.com\/pt\/wp-json\/wp\/v2\/tags?post=177621"}],"curies":[{"name":"wp","href":"https:\/\/api.w.org\/{rel}","templated":true}]}}