{"id":177636,"date":"2025-12-06T12:15:30","date_gmt":"2025-12-06T12:15:30","guid":{"rendered":"https:\/\/www.europesays.com\/pt\/177636\/"},"modified":"2025-12-06T12:15:30","modified_gmt":"2025-12-06T12:15:30","slug":"ps-acusa-montenegro-de-lancar-cenoura-aos-trabalhadores-com-salario-minimo-de-1500-euros","status":"publish","type":"post","link":"https:\/\/www.europesays.com\/pt\/177636\/","title":{"rendered":"PS acusa Montenegro de &#8220;lan\u00e7ar cenoura&#8221; aos trabalhadores com sal\u00e1rio m\u00ednimo de 1500 euros"},"content":{"rendered":"<p data-remotead-prev-elm=\"true\" data-remotead-elm-id=\"inread\">&#8220;Essa de lan\u00e7ar a cenoura depois de uma machadada que se d\u00e1 sobre os trabalhadores \u00e9 uma t\u00e9cnica que julgo que ningu\u00e9m acredita nela&#8221;, disse Jos\u00e9 Lu\u00eds Carneiro, \u00e0 entrada para uma sess\u00e3o de homenagem aos militantes mais antigos do PS\/Aveiro, que decorreu esta noite no Centro de Congressos de Aveiro.<\/p>\n<p>Jos\u00e9 Lu\u00eds Carneiro disse n\u00e3o ter d\u00favidas de que estas declara\u00e7\u00f5es s\u00e3o &#8220;uma tentativa de esvaziar o conte\u00fado da greve geral&#8221;, que est\u00e1 marcada para quinta-feira, afirmando estar convencido de que os trabalhadores &#8220;est\u00e3o tamb\u00e9m muito conscientes daquilo que s\u00e3o manobras de divers\u00e3o da parte dos membros do Governo&#8221;.<\/p>\n<p>O l\u00edder socialista enfatizou ainda que h\u00e1 12 anos que n\u00e3o havia uma greve geral, afirmando que aquilo que o Governo conseguiu com estas propostas foi &#8220;quebrar a paz social, que \u00e9 fundamental para que a economia continue a crescer e continue a criar emprego&#8221;.<\/p>\n<p data-remotead-prev-elm=\"true\" data-remotead-elm-id=\"centro1\">&#8220;H\u00e1 sindicatos independentes, h\u00e1 sindicatos dos trabalhadores sociais-democratas, do PPD, h\u00e1 trabalhadores que est\u00e3o ligados ao Partido Socialista e todos, das diferentes correntes, mostraram a vontade de avan\u00e7ar para a greve e, portanto, isto \u00e9 muito significativo&#8221;, observou.<\/p>\n<p>Insistiu ainda que nada justifica que o Governo tenha avan\u00e7ado com op\u00e7\u00f5es pol\u00edticas &#8220;t\u00e3o disruptivas&#8221;, adiantado que o pa\u00eds est\u00e1 &#8220;praticamente em pleno emprego e a economia est\u00e1 a crescer&#8221;, e recordou que a \u00faltima revis\u00e3o das leis laborais aconteceu h\u00e1 apenas dois anos, tendo contado com o contributo do PSD para a solu\u00e7\u00e3o final da Agenda do Trabalho Digno.<\/p>\n","protected":false},"excerpt":{"rendered":"&#8220;Essa de lan\u00e7ar a cenoura depois de uma machadada que se d\u00e1 sobre os trabalhadores \u00e9 uma t\u00e9cnica&hellip;\n","protected":false},"author":2,"featured_media":177637,"comment_status":"","ping_status":"","sticky":false,"template":"","format":"standard","meta":{"footnotes":""},"categories":[8],"tags":[27,28,15,16,31789,14,2433,25,26,1447,21,22,619,12,13,19,20,32,23,24,455,33,20056,17,18,29,30,31],"class_list":{"0":"post-177636","1":"post","2":"type-post","3":"status-publish","4":"format-standard","5":"has-post-thumbnail","7":"category-principais-noticias","8":"tag-breaking-news","9":"tag-breakingnews","10":"tag-featured-news","11":"tag-featurednews","12":"tag-greve-geral","13":"tag-headlines","14":"tag-jose-luis-carneiro","15":"tag-latest-news","16":"tag-latestnews","17":"tag-luis-montenegro","18":"tag-main-news","19":"tag-mainnews","20":"tag-nacional","21":"tag-news","22":"tag-noticias","23":"tag-noticias-principais","24":"tag-noticiasprincipais","25":"tag-portugal","26":"tag-principais-noticias","27":"tag-principaisnoticias","28":"tag-ps","29":"tag-pt","30":"tag-reforma-laboral","31":"tag-top-stories","32":"tag-topstories","33":"tag-ultimas","34":"tag-ultimas-noticias","35":"tag-ultimasnoticias"},"share_on_mastodon":{"url":"","error":""},"_links":{"self":[{"href":"https:\/\/www.europesays.com\/pt\/wp-json\/wp\/v2\/posts\/177636","targetHints":{"allow":["GET"]}}],"collection":[{"href":"https:\/\/www.europesays.com\/pt\/wp-json\/wp\/v2\/posts"}],"about":[{"href":"https:\/\/www.europesays.com\/pt\/wp-json\/wp\/v2\/types\/post"}],"author":[{"embeddable":true,"href":"https:\/\/www.europesays.com\/pt\/wp-json\/wp\/v2\/users\/2"}],"replies":[{"embeddable":true,"href":"https:\/\/www.europesays.com\/pt\/wp-json\/wp\/v2\/comments?post=177636"}],"version-history":[{"count":0,"href":"https:\/\/www.europesays.com\/pt\/wp-json\/wp\/v2\/posts\/177636\/revisions"}],"wp:featuredmedia":[{"embeddable":true,"href":"https:\/\/www.europesays.com\/pt\/wp-json\/wp\/v2\/media\/177637"}],"wp:attachment":[{"href":"https:\/\/www.europesays.com\/pt\/wp-json\/wp\/v2\/media?parent=177636"}],"wp:term":[{"taxonomy":"category","embeddable":true,"href":"https:\/\/www.europesays.com\/pt\/wp-json\/wp\/v2\/categories?post=177636"},{"taxonomy":"post_tag","embeddable":true,"href":"https:\/\/www.europesays.com\/pt\/wp-json\/wp\/v2\/tags?post=177636"}],"curies":[{"name":"wp","href":"https:\/\/api.w.org\/{rel}","templated":true}]}}