{"id":177649,"date":"2025-12-06T12:29:17","date_gmt":"2025-12-06T12:29:17","guid":{"rendered":"https:\/\/www.europesays.com\/pt\/177649\/"},"modified":"2025-12-06T12:29:17","modified_gmt":"2025-12-06T12:29:17","slug":"parlamento-impoe-fim-do-anonimato-nas-criptomoedas","status":"publish","type":"post","link":"https:\/\/www.europesays.com\/pt\/177649\/","title":{"rendered":"Parlamento Imp\u00f5e Fim do Anonimato nas Criptomoedas"},"content":{"rendered":"<p>A Assembleia da Rep\u00fablica deu esta quinta-feira, 5 de dezembro, o aval final ao novo regime jur\u00eddico dos criptoativos. O diploma, aprovado em vota\u00e7\u00e3o final global, visa equiparar a fiscaliza\u00e7\u00e3o das moedas digitais \u00e0 da banca tradicional, impondo o fim do anonimato nas transa\u00e7\u00f5es como medida central de combate \u00e0 criminalidade financeira.<\/p>\n<p>No centro das altera\u00e7\u00f5es legislativas est\u00e1 a aplica\u00e7\u00e3o da chamada &#8220;Travel Rule&#8221;. Esta norma internacional obriga os prestadores de servi\u00e7os de criptoativos a recolher e partilhar dados fidedignos sobre os ordenantes e benefici\u00e1rios das transfer\u00eancias, independentemente do montante movimentado. O objetivo \u00e9 garantir a rastreabilidade total dos fundos, dificultando a utiliza\u00e7\u00e3o destes ativos para o branqueamento de capitais ou financiamento do terrorismo.<\/p>\n<p>Com a nova lei, as entidades que operam neste setor em territ\u00f3rio nacional passam a ser equiparadas a institui\u00e7\u00f5es financeiras para efeitos de preven\u00e7\u00e3o de branqueamento de capitais, ficando sujeitas \u00e0 supervis\u00e3o refor\u00e7ada do Banco de Portugal.<\/p>\n<p><strong>Consenso pol\u00edtico e per\u00edodo de adapta\u00e7\u00e3o<\/strong><\/p>\n<p>O texto final mereceu um amplo consenso no hemiciclo, recolhendo os votos favor\u00e1veis das bancadas do PSD, PS, Chega, CDS-PP, Livre, PAN e JPP. A Iniciativa Liberal optou pela absten\u00e7\u00e3o, enquanto PCP e Bloco de Esquerda votaram contra.<\/p>\n<p>Apesar da aprova\u00e7\u00e3o, o setor beneficiar\u00e1 de um per\u00edodo de transi\u00e7\u00e3o. Na sequ\u00eancia de uma proposta apresentada pelos partidos do Governo (PSD e CDS-PP), a entrada em vigor das novas regras foi fixada para 1 de julho de 2026. Este prazo visa conceder \u00e0s empresas o tempo necess\u00e1rio para adaptarem os seus sistemas inform\u00e1ticos \u00e0s novas exig\u00eancias de reporte.<\/p>\n<p>Paralelamente, o Parlamento aprovou ainda uma recomenda\u00e7\u00e3o do PAN que insta o Executivo a criar mecanismos mais eficazes de combate \u00e0 publicidade enganosa sobre criptoativos nas redes sociais, com vista \u00e0 prote\u00e7\u00e3o dos pequenos investidores.<\/p>\n","protected":false},"excerpt":{"rendered":"A Assembleia da Rep\u00fablica deu esta quinta-feira, 5 de dezembro, o aval final ao novo regime jur\u00eddico dos&hellip;\n","protected":false},"author":2,"featured_media":177650,"comment_status":"","ping_status":"","sticky":false,"template":"","format":"standard","meta":{"footnotes":""},"categories":[10],"tags":[27,28,21065,15,16,14,25,26,21,22,12,13,19,20,4532,32,23,24,33,17,18,29,30,31],"class_list":{"0":"post-177649","1":"post","2":"type-post","3":"status-publish","4":"format-standard","5":"has-post-thumbnail","7":"category-portugal","8":"tag-breaking-news","9":"tag-breakingnews","10":"tag-criptomoedas","11":"tag-featured-news","12":"tag-featurednews","13":"tag-headlines","14":"tag-latest-news","15":"tag-latestnews","16":"tag-main-news","17":"tag-mainnews","18":"tag-news","19":"tag-noticias","20":"tag-noticias-principais","21":"tag-noticiasprincipais","22":"tag-parlamento","23":"tag-portugal","24":"tag-principais-noticias","25":"tag-principaisnoticias","26":"tag-pt","27":"tag-top-stories","28":"tag-topstories","29":"tag-ultimas","30":"tag-ultimas-noticias","31":"tag-ultimasnoticias"},"share_on_mastodon":{"url":"https:\/\/pubeurope.com\/@pt\/115672630107918001","error":""},"_links":{"self":[{"href":"https:\/\/www.europesays.com\/pt\/wp-json\/wp\/v2\/posts\/177649","targetHints":{"allow":["GET"]}}],"collection":[{"href":"https:\/\/www.europesays.com\/pt\/wp-json\/wp\/v2\/posts"}],"about":[{"href":"https:\/\/www.europesays.com\/pt\/wp-json\/wp\/v2\/types\/post"}],"author":[{"embeddable":true,"href":"https:\/\/www.europesays.com\/pt\/wp-json\/wp\/v2\/users\/2"}],"replies":[{"embeddable":true,"href":"https:\/\/www.europesays.com\/pt\/wp-json\/wp\/v2\/comments?post=177649"}],"version-history":[{"count":0,"href":"https:\/\/www.europesays.com\/pt\/wp-json\/wp\/v2\/posts\/177649\/revisions"}],"wp:featuredmedia":[{"embeddable":true,"href":"https:\/\/www.europesays.com\/pt\/wp-json\/wp\/v2\/media\/177650"}],"wp:attachment":[{"href":"https:\/\/www.europesays.com\/pt\/wp-json\/wp\/v2\/media?parent=177649"}],"wp:term":[{"taxonomy":"category","embeddable":true,"href":"https:\/\/www.europesays.com\/pt\/wp-json\/wp\/v2\/categories?post=177649"},{"taxonomy":"post_tag","embeddable":true,"href":"https:\/\/www.europesays.com\/pt\/wp-json\/wp\/v2\/tags?post=177649"}],"curies":[{"name":"wp","href":"https:\/\/api.w.org\/{rel}","templated":true}]}}