{"id":177662,"date":"2025-12-06T12:50:11","date_gmt":"2025-12-06T12:50:11","guid":{"rendered":"https:\/\/www.europesays.com\/pt\/177662\/"},"modified":"2025-12-06T12:50:11","modified_gmt":"2025-12-06T12:50:11","slug":"conheca-o-cantor-e-influenciador-alex-warren-r7-entretenimento","status":"publish","type":"post","link":"https:\/\/www.europesays.com\/pt\/177662\/","title":{"rendered":"conhe\u00e7a o cantor e influenciador Alex Warren \u2013 R7 Entretenimento"},"content":{"rendered":"<p>LEIA AQUI O RESUMO DA NOT\u00cdCIA<\/p>\n<ul class=\"b-article-body-custom-embed-brief-news__list\" style=\"margin: 0; padding-left: 20px; list-style-type: disc;\">\n<li>Alex Warren, cantor e influenciador, foi indicado ao Grammy 2026 ap\u00f3s o sucesso da m\u00fasica &#8216;Ordinary&#8217;.<\/li>\n<li>Ele teve uma inf\u00e2ncia dif\u00edcil, perdeu o pai aos 9 anos e foi expulso de casa aos 18 anos pela m\u00e3e alco\u00f3latra.<\/li>\n<li>Morando em carros de amigos, encontrou apoio na atual esposa Kouvr Annon e juntos criaram a Hype House, atraindo seguidores.<\/li>\n<li>Al\u00e9m de 51 milh\u00f5es de ouvintes no Spotify, destacou-se com hits que geraram US$ 10 milh\u00f5es em royalties.<\/li>\n<\/ul>\n<p style=\"font-size: 0.8em; font-style: italic; text-align: right; margin-top: 15px; padding-bottom: 5px; margin-bottom: 0;\">Produzido pela Ri7a &#8211; a Intelig\u00eancia Artificial do R7<\/p>\n<p><img decoding=\"async\" data-chromatic=\"ignore\" alt=\"\" class=\"c-image\" loading=\"lazy\" src=\"https:\/\/www.europesays.com\/pt\/wp-content\/uploads\/2025\/12\/O3KWXFT3IZE73OORBAZYI74TKM.jpeg\"  width=\"1170\" height=\"775\"\/>M\u00fasico de 25 anos cresceu na Calif\u00f3rnia com uma m\u00e3e alco\u00f3latra que o expulsou de casa Reprodu\u00e7\u00e3o\/Instagram\/@alexwarren <\/p>\n<p class=\"jarvics:base-text-neutral-high-400 base-text-[calc(theme(fontSize.xs)_*_var(--font-size,_1))] base-font-normal base-font-primary base-text-neutral-low-500 base-text-left\">O cantor <a href=\"https:\/\/entretenimento.r7.com\/musica\/tmj-brazil\/alex-warren-estreia-album-apos-hit-global-ordinary-21072025\/\" target=\"_self\" rel=\"nofollow noopener\" title=\"https:\/\/entretenimento.r7.com\/musica\/tmj-brazil\/alex-warren-estreia-album-apos-hit-global-ordinary-21072025\/\">Alex Warren<\/a> est\u00e1 vivendo o auge da carreira este ano. Ap\u00f3s emplacar a <a href=\"https:\/\/entretenimento.r7.com\/musica\/\" target=\"_self\" rel=\"nofollow noopener\" title=\"https:\/\/entretenimento.r7.com\/musica\/\">m\u00fasica<\/a> Ordinary no topo das paradas, ele foi indicado ao Grammy 2026 na categoria de Artista Revela\u00e7\u00e3o e ainda entrou para a <a href=\"https:\/\/noticias.r7.com\/record-news\/hora-news\/video\/jovem-astronoma-do-ceara-entra-na-lista-da-forbes-de-talentos-com-menos-de-30-anos-13022025\/\" target=\"_self\" rel=\"nofollow noopener\" title=\"https:\/\/noticias.r7.com\/record-news\/hora-news\/video\/jovem-astronoma-do-ceara-entra-na-lista-da-forbes-de-talentos-com-menos-de-30-anos-13022025\/\">lista da Forbes<\/a> de bem-sucedidos com menos de 30 anos.<\/p>\n<p class=\"jarvics:base-text-neutral-high-400 base-text-[calc(theme(fontSize.xs)_*_var(--font-size,_1))] base-font-normal base-font-primary base-text-neutral-low-500 base-text-left\">No entanto, antes de se tornar um m\u00fasico de sucesso, o americano de 25 anos teve um passado conturbado, marcado pela morte do pai e por ter sido expulso de casa pela m\u00e3e.<\/p>\n<p class=\"jarvics:base-text-neutral-high-400 base-text-[calc(theme(fontSize.xs)_*_var(--font-size,_1))] base-font-normal base-font-primary base-text-neutral-low-500 base-text-left\">Nascido em 18 de setembro de 2000, na Calif\u00f3rnia, Alex perdeu o pai aos 9 anos e cresceu com uma m\u00e3e alco\u00f3latra, que o expulsou de casa quando ele completou 18 anos. Em entrevista \u00e0 BBC, ele contou que o motivo da expuls\u00e3o foi ter confrontado a mulher sobre o excesso de bebidas. \u201cToda pessoa que luta contra o v\u00edcio precisa de algu\u00e9m para culpar, al\u00e9m de si mesma, e eu me tornei essa pessoa\u201d, disse.<\/p>\n<p class=\"jarvics:base-text-neutral-high-400 base-text-[calc(theme(fontSize.xs)_*_var(--font-size,_1))] base-font-normal base-font-primary base-text-neutral-low-500 base-text-left\">Morando na rua, alguns amigos come\u00e7aram a oferecer o pr\u00f3prio ve\u00edculo para que ele pudesse dormir com mais conforto. Foi nessa \u00e9poca que ele conheceu a atual esposa, Kouvr Annon, pela internet. Ap\u00f3s alguns meses de conversa, a influenciadora deixou a vida confort\u00e1vel no Hava\u00ed e foi morar com Alex em um carro.<\/p>\n<p class=\"jarvics:base-text-neutral-high-400 base-text-[calc(theme(fontSize.xs)_*_var(--font-size,_1))] base-font-normal base-font-primary base-text-neutral-low-500 base-text-left\">O casal come\u00e7ou a publicar v\u00eddeos sobre a rotina diferenciada e conquistou milhares de seguidores, o que levou ele e outros influenciadores a criarem a Hype House, uma casa onde moravam diversos criadores de conte\u00fado. A mans\u00e3o viralizou na internet durante a pandemia e revelou nomes como <a href=\"https:\/\/google.com\/search?q=r7+addison+raw&amp;oq=r7+addison+raw&amp;gs_lcrp=EgZjaHJvbWUyBggAEEUYOTIJCAEQIRgKGKAB0gEIMjk5NWowajmoAgawAgHxBRdeof4FiULf&amp;sourceid=chrome&amp;ie=UTF-8\" target=\"_self\" rel=\"nofollow noopener\" title=\"https:\/\/google.com\/search?q=r7+addison+raw&amp;oq=r7+addison+raw&amp;gs_lcrp=EgZjaHJvbWUyBggAEEUYOTIJCAEQIRgKGKAB0gEIMjk5NWowajmoAgawAgHxBRdeof4FiULf&amp;sourceid=chrome&amp;ie=UTF-8\">Addison Rae<\/a> e Charli D\u2019Amelio.<\/p>\n<p class=\"jarvics:base-text-neutral-high-400 base-text-[calc(theme(fontSize.xs)_*_var(--font-size,_1))] base-font-normal base-font-primary base-text-neutral-low-500 base-text-left\">Al\u00e9m de tir\u00e1-lo das ruas, o projeto abriu portas para que Alex, que trabalhava como tiktoker, pudesse se dedicar \u00e0 carreira de cantor. Hoje, ele tem 51 milh\u00f5es de ouvintes mensais no Spotify e \u00e9 dono de grandes hits, como Eternity, Carry You Home, Bloodline e Before You Leave Me.<\/p>\n<p class=\"jarvics:base-text-neutral-high-400 base-text-[calc(theme(fontSize.xs)_*_var(--font-size,_1))] base-font-normal base-font-primary base-text-neutral-low-500 base-text-left\">\u201cAl\u00e9m dos milh\u00f5es que ganhou com as redes sociais, seu sucesso estrondoso \u2018Ordinary\u2019 ultrapassou 2 bilh\u00f5es de streams globais e gerou cerca de US$ 10 milh\u00f5es em royalties \u2014 e rendeu a Warren uma indica\u00e7\u00e3o ao Grammy de 2026. O sucesso comercial \u00e9 \u00f3timo, mas para ele, tamb\u00e9m \u00e9 uma forma de terapia&#8221;, escreveu a revista Forbes, que o incluiu na lista de talentos com menos de 30 anos.<\/p>\n<p><video controls=\"\" class=\"video-js\" preload=\"metadata\" poster=\"https:\/\/d22yf0mxeu0gma.cloudfront.net\/06-08-2025\/t_8016a813c2ba499980e47240370a4883_name_imagem_R7_padr_o__3_.png\" title=\"Dono do sucesso &#x2018;Ordinary&#x2019;, Alex Warren divulga clipe de parceria com Jelly Roll\" data-sprite-url=\"\" data-metadata=\"{&quot;title&quot;:&quot;Dono do sucesso &#x2018;Ordinary&#x2019;, Alex Warren divulga clipe de parceria com Jelly Roll&quot;,&quot;sectionName&quot;:&quot;R7&quot;,&quot;mainSection&quot;:&quot;M&#xFA;sica&quot;,&quot;subSection&quot;:&quot;&quot;,&quot;views&quot;:&quot;&quot;,&quot;disableAdv&quot;:&quot;false&quot;,&quot;createdDate&quot;:&quot;2025-06-08T18:19:09Z&quot;,&quot;mainSectionUrl&quot;:&quot;https:\/\/noticias.r7.com\/record-news\/geek-record-news\/video\/dono-do-sucesso-ordinary-alex-warren-divulga-clipe-de-parceria-com-jelly-roll-08062025\/&quot;,&quot;sectionPath&quot;:&quot;https:\/\/noticias.r7.com\/record-news\/geek-record-news&quot;,&quot;ageRating&quot;:&quot;&quot;,&quot;ageRatingDescription&quot;:&quot;&quot;,&quot;duration&quot;:180224,&quot;playerUrl&quot;:&quot;https:\/\/noticias.r7.com\/player\/3c5e61f4-6136-4bab-94b3-5c0e90e32d69\/&quot;}\" data-player-params=\"{&quot;p&quot;:&quot;true&quot;,&quot;autoPlay&quot;:&quot;false&quot;,&quot;logo&quot;:&quot;true&quot;,&quot;playlistId&quot;:&quot;false&quot;,&quot;calhau&quot;:&quot;false&quot;,&quot;share&quot;:&quot;true&quot;,&quot;sz&quot;:&quot;false&quot;,&quot;full&quot;:&quot;true&quot;,&quot;customAdHash&quot;:&quot;\/7542\/R7entretenimento\/musica&quot;,&quot;referrerUrl&quot;:&quot;&quot;,&quot;externalLinks&quot;:&quot;true&quot;,&quot;debug&quot;:&quot;false&quot;,&quot;debugHash&quot;:&quot;false&quot;,&quot;debugRelated&quot;:&quot;false&quot;,&quot;timerRelated&quot;:&quot;true&quot;,&quot;logoRecord&quot;:&quot;false&quot;,&quot;contextModal&quot;:&quot;false&quot;,&quot;parentUrl&quot;:&quot;https:\/\/record.r7.com\/&quot;,&quot;t&quot;:&quot;0&quot;,&quot;noTitle&quot;:false,&quot;endBehavior&quot;:&quot;default&quot;}\" data-related-videos=\"[{&quot;title&quot;:&quot;Cantor escoc&#xEA;s anuncia apresenta&#xE7;&#xE3;o no Brasil&quot;,&quot;thumb&quot;:&quot;https:\/\/d22yf0mxeu0gma.cloudfront.net\/12-03-2025\/t_b6fb97c97b344473a01fdd9041b63c12_name_174__1_.jpg&quot;,&quot;url&quot;:&quot;https:\/\/noticias.r7.com\/record-news\/news-das-10\/video\/cantor-escoces-anuncia-apresentacao-no-brasil-03122025\/&quot;,&quot;embedUrl&quot;:&quot;https:\/\/noticias.r7.com\/player\/05092558-95bf-4c59-87ca-40ce1d200945\/&quot;},{&quot;title&quot;:&quot;Grupo de k-pop alcan&#xE7;a o topo das paradas com novo hit&quot;,&quot;thumb&quot;:&quot;https:\/\/d22yf0mxeu0gma.cloudfront.net\/12-02-2025\/t_6ca9aaefd84d4002a6acecb69dad25c8_name_layout_record_news___40_.jpg&quot;,&quot;url&quot;:&quot;https:\/\/noticias.r7.com\/record-news\/news-das-10\/video\/grupo-de-k-pop-alcanca-o-topo-das-paradas-com-novo-hit-02122025\/&quot;,&quot;embedUrl&quot;:&quot;https:\/\/noticias.r7.com\/player\/ef026044-1700-4c4f-89a1-55b820fa0051\/&quot;},{&quot;title&quot;:&quot;Ex-vocalista de O Rappa lan&#xE7;a projeto com &#xE1;udios originais do l&#xED;der do Charlie Brown&quot;,&quot;thumb&quot;:&quot;https:\/\/d22yf0mxeu0gma.cloudfront.net\/11-28-2025\/t_5c77780f1ff34ac78dce2a3f7b21245c_name_marcelo_falc_o.jpg&quot;,&quot;url&quot;:&quot;https:\/\/noticias.r7.com\/record-news\/news-das-10\/video\/ex-vocalista-de-o-rappa-lanca-projeto-com-audios-originais-do-lider-do-charlie-brown-28112025\/&quot;,&quot;embedUrl&quot;:&quot;https:\/\/noticias.r7.com\/player\/5e6a95f1-6223-4bc8-bf38-f8e9ec4ae9c6\/&quot;}]\" data-player-url=\"https:\/\/noticias.r7.com\/player\/3c5e61f4-6136-4bab-94b3-5c0e90e32d69\/\" data-arc-video=\"\" data-arc-id=\"3c5e61f4-6136-4bab-94b3-5c0e90e32d69\" data-short=\"false\" style=\"visibility:hidden\"><\/video><\/p>\n<p class=\"jarvics:base-text-neutral-high-400 base-text-[calc(theme(fontSize.xs)_*_var(--font-size,_1))] base-font-normal base-font-primary base-text-neutral-low-500 base-text-left\"><b>Para saber tudo do mundo dos famosos, <\/b><a href=\"https:\/\/whatsapp.com\/channel\/0029Va9UfKcHQbRyCyhPt71R\" rel=\"nofollow noopener\" target=\"_blank\"><b>siga o canal de entretenimento do R7<\/b><\/a><b>, o portal de not\u00edcias da RECORD, no WhatsApp<\/b><\/p>\n","protected":false},"excerpt":{"rendered":"LEIA AQUI O RESUMO DA NOT\u00cdCIA Alex Warren, cantor e influenciador, foi indicado ao Grammy 2026 ap\u00f3s o&hellip;\n","protected":false},"author":2,"featured_media":177663,"comment_status":"","ping_status":"","sticky":false,"template":"","format":"standard","meta":{"footnotes":""},"categories":[141],"tags":[114,115,3034,1274,149,150,32,33,548],"class_list":{"0":"post-177662","1":"post","2":"type-post","3":"status-publish","4":"format-standard","5":"has-post-thumbnail","7":"category-musica","8":"tag-entertainment","9":"tag-entretenimento","10":"tag-famosos-e-celebridades","11":"tag-grammy-awards","12":"tag-music","13":"tag-musica","14":"tag-portugal","15":"tag-pt","16":"tag-redes-sociais"},"share_on_mastodon":{"url":"https:\/\/pubeurope.com\/@pt\/115672712978998038","error":""},"_links":{"self":[{"href":"https:\/\/www.europesays.com\/pt\/wp-json\/wp\/v2\/posts\/177662","targetHints":{"allow":["GET"]}}],"collection":[{"href":"https:\/\/www.europesays.com\/pt\/wp-json\/wp\/v2\/posts"}],"about":[{"href":"https:\/\/www.europesays.com\/pt\/wp-json\/wp\/v2\/types\/post"}],"author":[{"embeddable":true,"href":"https:\/\/www.europesays.com\/pt\/wp-json\/wp\/v2\/users\/2"}],"replies":[{"embeddable":true,"href":"https:\/\/www.europesays.com\/pt\/wp-json\/wp\/v2\/comments?post=177662"}],"version-history":[{"count":0,"href":"https:\/\/www.europesays.com\/pt\/wp-json\/wp\/v2\/posts\/177662\/revisions"}],"wp:featuredmedia":[{"embeddable":true,"href":"https:\/\/www.europesays.com\/pt\/wp-json\/wp\/v2\/media\/177663"}],"wp:attachment":[{"href":"https:\/\/www.europesays.com\/pt\/wp-json\/wp\/v2\/media?parent=177662"}],"wp:term":[{"taxonomy":"category","embeddable":true,"href":"https:\/\/www.europesays.com\/pt\/wp-json\/wp\/v2\/categories?post=177662"},{"taxonomy":"post_tag","embeddable":true,"href":"https:\/\/www.europesays.com\/pt\/wp-json\/wp\/v2\/tags?post=177662"}],"curies":[{"name":"wp","href":"https:\/\/api.w.org\/{rel}","templated":true}]}}